{"id":22430,"date":"2025-08-25T09:53:35","date_gmt":"2025-08-25T14:53:35","guid":{"rendered":"https:\/\/zaracaytv.com\/?p=22430"},"modified":"2025-08-25T09:54:26","modified_gmt":"2025-08-25T14:54:26","slug":"corte-constitucional-debe-tomar-decisiones-de-trascendencia-nacional","status":"publish","type":"post","link":"https:\/\/zaracaytv.com\/?p=22430","title":{"rendered":"CORTE CONSTITUCIONAL DEBE TOMAR DECISIONES DE TRASCENDENCIA NACIONAL"},"content":{"rendered":"<body><p><\/p><span style=\"font-weight: 400;\"><img loading=\"lazy\" decoding=\"async\" class=\"size-medium wp-image-22431 alignleft\" src=\"https:\/\/zaracaytv.com\/wp-content\/uploads\/2025\/08\/tgyi-300x173.png\" alt=\"\" width=\"300\" height=\"173\" loading=\"lazy\" srcset=\"https:\/\/zaracaytv.com\/wp-content\/uploads\/2025\/08\/tgyi-300x173.png 300w, https:\/\/zaracaytv.com\/wp-content\/uploads\/2025\/08\/tgyi-1024x592.png 1024w, https:\/\/zaracaytv.com\/wp-content\/uploads\/2025\/08\/tgyi-768x444.png 768w, https:\/\/zaracaytv.com\/wp-content\/uploads\/2025\/08\/tgyi-1536x888.png 1536w, https:\/\/zaracaytv.com\/wp-content\/uploads\/2025\/08\/tgyi-570x330.png 570w, https:\/\/zaracaytv.com\/wp-content\/uploads\/2025\/08\/tgyi-270x156.png 270w, https:\/\/zaracaytv.com\/wp-content\/uploads\/2025\/08\/tgyi.png 1555w\" sizes=\"auto, (max-width: 300px) 100vw, 300px\" \/>El m\u00e1ximo \u00f3rgano de control constitucional sigue actualmente en la mira de la opini\u00f3n p\u00fablica. Este organismo ha tomado decisiones que han provocado reacciones, pero que se enmarcan en el proceso de admisibilidad de las acciones p\u00fablicas de inconstitucionalidad y de suspensi\u00f3n de normas que podr\u00edan afectar derechos fundamentales, seg\u00fan lo argument\u00f3 en su momento esta entidad en un comunicado. Pero esto no ha agradado al ejecutivo, quien ha presionado con marchas, adem\u00e1s del legislativo, que han realizado declaraciones en su contra. Los juristas rechazan la presi\u00f3n por parte del ejecutivo a la Corte que tiene como funci\u00f3n eminente y pol\u00edtica de control constitucional.\u00a0<\/span>\n<p><span style=\"font-weight: 400;\">Los juristas se preguntan por qu\u00e9 el gobierno busca atacar al organismo que debe proteger los derechos de la ciudadan\u00eda. Argumentan que esto termina generando confusi\u00f3n en la ciudadan\u00eda. Este organismo debe tomar decisiones\u00a0 trascendentales en los pr\u00f3ximos d\u00edas.\u00a0<\/span><\/p>\n<p><span style=\"font-weight: 400;\">Los analistas destacan que la Corte ha reaccionado de manera inteligente a las presiones del oficialismo desde el ejecutivo y legislativo. Incluso ha cedido a los pedidos como postergar fechas de audiencia para la defensa de las demandas de inconstitucionalidad de leyes como la de Solidaridad Nacional.<\/span><\/p>\n<\/body>","protected":false},"excerpt":{"rendered":"<p>El m\u00e1ximo \u00f3rgano de control constitucional sigue actualmente en la mira de la opini\u00f3n p\u00fablica. Este organismo ha tomado decisiones que han provocado reacciones, pero que se enmarcan en el proceso de admisibilidad de las acciones p\u00fablicas de inconstitucionalidad y de suspensi\u00f3n de normas que podr\u00edan afectar derechos fundamentales, seg\u00fan lo argument\u00f3 en su momento [&hellip;]<\/p>\n","protected":false},"author":4,"featured_media":22431,"comment_status":"closed","ping_status":"closed","sticky":false,"template":"","format":"standard","meta":{"om_disable_all_campaigns":false,"_joinchat":[],"footnotes":""},"categories":[31],"tags":[],"class_list":["post-22430","post","type-post","status-publish","format-standard","has-post-thumbnail","hentry","category-la-region"],"_links":{"self":[{"href":"https:\/\/zaracaytv.com\/index.php?rest_route=\/wp\/v2\/posts\/22430","targetHints":{"allow":["GET"]}}],"collection":[{"href":"https:\/\/zaracaytv.com\/index.php?rest_route=\/wp\/v2\/posts"}],"about":[{"href":"https:\/\/zaracaytv.com\/index.php?rest_route=\/wp\/v2\/types\/post"}],"author":[{"embeddable":true,"href":"https:\/\/zaracaytv.com\/index.php?rest_route=\/wp\/v2\/users\/4"}],"replies":[{"embeddable":true,"href":"https:\/\/zaracaytv.com\/index.php?rest_route=%2Fwp%2Fv2%2Fcomments&post=22430"}],"version-history":[{"count":1,"href":"https:\/\/zaracaytv.com\/index.php?rest_route=\/wp\/v2\/posts\/22430\/revisions"}],"predecessor-version":[{"id":22432,"href":"https:\/\/zaracaytv.com\/index.php?rest_route=\/wp\/v2\/posts\/22430\/revisions\/22432"}],"wp:featuredmedia":[{"embeddable":true,"href":"https:\/\/zaracaytv.com\/index.php?rest_route=\/wp\/v2\/media\/22431"}],"wp:attachment":[{"href":"https:\/\/zaracaytv.com\/index.php?rest_route=%2Fwp%2Fv2%2Fmedia&parent=22430"}],"wp:term":[{"taxonomy":"category","embeddable":true,"href":"https:\/\/zaracaytv.com\/index.php?rest_route=%2Fwp%2Fv2%2Fcategories&post=22430"},{"taxonomy":"post_tag","embeddable":true,"href":"https:\/\/zaracaytv.com\/index.php?rest_route=%2Fwp%2Fv2%2Ftags&post=22430"}],"curies":[{"name":"wp","href":"https:\/\/api.w.org\/{rel}","templated":true}]}}