{"id":22427,"date":"2025-08-25T09:40:17","date_gmt":"2025-08-25T14:40:17","guid":{"rendered":"https:\/\/zaracaytv.com\/?p=22427"},"modified":"2025-08-25T09:40:17","modified_gmt":"2025-08-25T14:40:17","slug":"denuncian-constante-ruido-en-la-avenida-quito-entre-la-rio-lelia","status":"publish","type":"post","link":"https:\/\/zaracaytv.com\/?p=22427","title":{"rendered":"DENUNCIAN CONSTANTE RUIDO EN LA AVENIDA QUITO, ENTRE LA R\u00cdO LELIA"},"content":{"rendered":"<body><p><\/p><img loading=\"lazy\" decoding=\"async\" class=\"size-medium wp-image-22428 alignleft\" src=\"https:\/\/zaracaytv.com\/wp-content\/uploads\/2025\/08\/yhugi-300x167.png\" alt=\"\" width=\"300\" height=\"167\" loading=\"lazy\" srcset=\"https:\/\/zaracaytv.com\/wp-content\/uploads\/2025\/08\/yhugi-300x167.png 300w, https:\/\/zaracaytv.com\/wp-content\/uploads\/2025\/08\/yhugi-1024x571.png 1024w, https:\/\/zaracaytv.com\/wp-content\/uploads\/2025\/08\/yhugi-768x428.png 768w, https:\/\/zaracaytv.com\/wp-content\/uploads\/2025\/08\/yhugi-1536x856.png 1536w, https:\/\/zaracaytv.com\/wp-content\/uploads\/2025\/08\/yhugi-570x318.png 570w, https:\/\/zaracaytv.com\/wp-content\/uploads\/2025\/08\/yhugi-270x151.png 270w, https:\/\/zaracaytv.com\/wp-content\/uploads\/2025\/08\/yhugi.png 1573w\" sizes=\"auto, (max-width: 300px) 100vw, 300px\" \/>El h\u00e1bito de beber alcohol en la v\u00eda p\u00fablica, con m\u00fasica con alto volumen sigue siendo un problema que genera malestar a los residentes de distintas zonas en Santo Domingo, una de estas en la avenida Quito, a la altura de la avenida R\u00edo Lelia, seg\u00fan expone Jorge Paredes, un ciudadano que vive en este sector, quien asegur\u00f3 que ha acudido a la Gobernaci\u00f3n de Santo Domingo de los Ts\u00e1chilas a poner la queja, pero no ha recibido una respuesta favorable.\n<p>Desde esta entidad se asegur\u00f3 que est\u00e1n constantemente acudiendo a los sitios que la ciudadan\u00eda requiere, pero hay lugares donde las personas persisten y es ah\u00ed donde se complican las intervenciones, explic\u00f3 el comisario primero de Polic\u00eda, Boris Cadena.<\/p>\n<p>Cadena asegur\u00f3 adem\u00e1s que en lo que va del a\u00f1o se han ejecutado controles con el bloque de seguridad en lugares donde se acumulan los libadores y en sitios peligrosos.<\/p>\n<p>En Santo Domingo hay una ordenanza que regula el uso del espacio p\u00fablico y establece normas sobre las actividades que se pueden realizar en \u00e9l. La normativa fue aprobada el 1 de febrero de 2022 y publicada en el Registro Oficial.<\/p>\n<\/body>","protected":false},"excerpt":{"rendered":"<p>El h\u00e1bito de beber alcohol en la v\u00eda p\u00fablica, con m\u00fasica con alto volumen sigue siendo un problema que genera malestar a los residentes de distintas zonas en Santo Domingo, una de estas en la avenida Quito, a la altura de la avenida R\u00edo Lelia, seg\u00fan expone Jorge Paredes, un ciudadano que vive en este [&hellip;]<\/p>\n","protected":false},"author":4,"featured_media":22428,"comment_status":"closed","ping_status":"closed","sticky":false,"template":"","format":"standard","meta":{"om_disable_all_campaigns":false,"_joinchat":[],"footnotes":""},"categories":[31],"tags":[],"class_list":["post-22427","post","type-post","status-publish","format-standard","has-post-thumbnail","hentry","category-la-region"],"_links":{"self":[{"href":"https:\/\/zaracaytv.com\/index.php?rest_route=\/wp\/v2\/posts\/22427","targetHints":{"allow":["GET"]}}],"collection":[{"href":"https:\/\/zaracaytv.com\/index.php?rest_route=\/wp\/v2\/posts"}],"about":[{"href":"https:\/\/zaracaytv.com\/index.php?rest_route=\/wp\/v2\/types\/post"}],"author":[{"embeddable":true,"href":"https:\/\/zaracaytv.com\/index.php?rest_route=\/wp\/v2\/users\/4"}],"replies":[{"embeddable":true,"href":"https:\/\/zaracaytv.com\/index.php?rest_route=%2Fwp%2Fv2%2Fcomments&post=22427"}],"version-history":[{"count":1,"href":"https:\/\/zaracaytv.com\/index.php?rest_route=\/wp\/v2\/posts\/22427\/revisions"}],"predecessor-version":[{"id":22429,"href":"https:\/\/zaracaytv.com\/index.php?rest_route=\/wp\/v2\/posts\/22427\/revisions\/22429"}],"wp:featuredmedia":[{"embeddable":true,"href":"https:\/\/zaracaytv.com\/index.php?rest_route=\/wp\/v2\/media\/22428"}],"wp:attachment":[{"href":"https:\/\/zaracaytv.com\/index.php?rest_route=%2Fwp%2Fv2%2Fmedia&parent=22427"}],"wp:term":[{"taxonomy":"category","embeddable":true,"href":"https:\/\/zaracaytv.com\/index.php?rest_route=%2Fwp%2Fv2%2Fcategories&post=22427"},{"taxonomy":"post_tag","embeddable":true,"href":"https:\/\/zaracaytv.com\/index.php?rest_route=%2Fwp%2Fv2%2Ftags&post=22427"}],"curies":[{"name":"wp","href":"https:\/\/api.w.org\/{rel}","templated":true}]}}