{"id":22423,"date":"2025-08-22T18:10:42","date_gmt":"2025-08-22T23:10:42","guid":{"rendered":"https:\/\/zaracaytv.com\/?p=22423"},"modified":"2025-08-22T18:10:42","modified_gmt":"2025-08-22T23:10:42","slug":"la-expo-educacion-superior-se-desarrollo-en-el-parque-jelen-tenka","status":"publish","type":"post","link":"https:\/\/zaracaytv.com\/?p=22423","title":{"rendered":"LA EXPO EDUCACI\u00d3N SUPERIOR SE DESARROLL\u00d3 EN EL PARQUE JELEN TENKA"},"content":{"rendered":"<body><p><\/p><span style=\"font-weight: 400;\"><img loading=\"lazy\" decoding=\"async\" class=\"size-medium wp-image-22424 alignright\" src=\"https:\/\/zaracaytv.com\/wp-content\/uploads\/2025\/08\/rtu-300x171.png\" alt=\"\" width=\"300\" height=\"171\" loading=\"lazy\" srcset=\"https:\/\/zaracaytv.com\/wp-content\/uploads\/2025\/08\/rtu-300x171.png 300w, https:\/\/zaracaytv.com\/wp-content\/uploads\/2025\/08\/rtu-1024x584.png 1024w, https:\/\/zaracaytv.com\/wp-content\/uploads\/2025\/08\/rtu-768x438.png 768w, https:\/\/zaracaytv.com\/wp-content\/uploads\/2025\/08\/rtu-1536x876.png 1536w, https:\/\/zaracaytv.com\/wp-content\/uploads\/2025\/08\/rtu-570x325.png 570w, https:\/\/zaracaytv.com\/wp-content\/uploads\/2025\/08\/rtu-270x154.png 270w, https:\/\/zaracaytv.com\/wp-content\/uploads\/2025\/08\/rtu.png 1576w\" sizes=\"auto, (max-width: 300px) 100vw, 300px\" \/>Este viernes 22 de agosto de 2025 se desarroll\u00f3 la Expo Educaci\u00f3n Superior 2025, la cual les permiti\u00f3 dar a conocer a\u00a0 los j\u00f3venes herramientas clave para planificar su futuro acad\u00e9mico. El evento se dio en el Parque Jelen Tenka.<\/span>\n<p><span style=\"font-weight: 400;\">En el lugar estuvieron representantes de universidades y del Instituto Superior Tecnol\u00f3gico Ts\u00e1chila. Adem\u00e1s de entidades financieras, centros de capacitaciones, pre- universitarios e instituciones gubernamentales, que fueron parte del evento.Los organizadores aseguraron que invitaron a todas las unidades educativas del sistema p\u00fablico,<\/span><b> as\u00ed como<\/b><span style=\"font-weight: 400;\"> a centros educativos de cantones como La Concordia y El Carmen.\u00a0<\/span><\/p>\n<p><span style=\"font-weight: 400;\">El objetivo de este evento fue que los j\u00f3venes conocieran las ofertas acad\u00e9micas de tercer y cuarto nivel que ofrecen las diferentes entidades educativas. Adem\u00e1s, <\/span><b>dictaron<\/b><span style=\"font-weight: 400;\"> charlas de orientaci\u00f3n vocacional, entre otras informaciones para los estudiantes.<\/span><\/p>\n<p><span style=\"font-weight: 400;\">Tambi\u00e9n se hizo \u00e9nfasis en que estos temas son para dar a conocer las herramientas con las que cuentan los planteles educativos de formaci\u00f3n profesional de tercer nivel en adelante.\u00a0<\/span><\/p>\n<\/body>","protected":false},"excerpt":{"rendered":"<p>Este viernes 22 de agosto de 2025 se desarroll\u00f3 la Expo Educaci\u00f3n Superior 2025, la cual les permiti\u00f3 dar a conocer a\u00a0 los j\u00f3venes herramientas clave para planificar su futuro acad\u00e9mico. El evento se dio en el Parque Jelen Tenka. En el lugar estuvieron representantes de universidades y del Instituto Superior Tecnol\u00f3gico Ts\u00e1chila. Adem\u00e1s de [&hellip;]<\/p>\n","protected":false},"author":4,"featured_media":22424,"comment_status":"closed","ping_status":"closed","sticky":false,"template":"","format":"standard","meta":{"om_disable_all_campaigns":false,"_joinchat":[],"footnotes":""},"categories":[31],"tags":[],"class_list":["post-22423","post","type-post","status-publish","format-standard","has-post-thumbnail","hentry","category-la-region"],"_links":{"self":[{"href":"https:\/\/zaracaytv.com\/index.php?rest_route=\/wp\/v2\/posts\/22423","targetHints":{"allow":["GET"]}}],"collection":[{"href":"https:\/\/zaracaytv.com\/index.php?rest_route=\/wp\/v2\/posts"}],"about":[{"href":"https:\/\/zaracaytv.com\/index.php?rest_route=\/wp\/v2\/types\/post"}],"author":[{"embeddable":true,"href":"https:\/\/zaracaytv.com\/index.php?rest_route=\/wp\/v2\/users\/4"}],"replies":[{"embeddable":true,"href":"https:\/\/zaracaytv.com\/index.php?rest_route=%2Fwp%2Fv2%2Fcomments&post=22423"}],"version-history":[{"count":1,"href":"https:\/\/zaracaytv.com\/index.php?rest_route=\/wp\/v2\/posts\/22423\/revisions"}],"predecessor-version":[{"id":22425,"href":"https:\/\/zaracaytv.com\/index.php?rest_route=\/wp\/v2\/posts\/22423\/revisions\/22425"}],"wp:featuredmedia":[{"embeddable":true,"href":"https:\/\/zaracaytv.com\/index.php?rest_route=\/wp\/v2\/media\/22424"}],"wp:attachment":[{"href":"https:\/\/zaracaytv.com\/index.php?rest_route=%2Fwp%2Fv2%2Fmedia&parent=22423"}],"wp:term":[{"taxonomy":"category","embeddable":true,"href":"https:\/\/zaracaytv.com\/index.php?rest_route=%2Fwp%2Fv2%2Fcategories&post=22423"},{"taxonomy":"post_tag","embeddable":true,"href":"https:\/\/zaracaytv.com\/index.php?rest_route=%2Fwp%2Fv2%2Ftags&post=22423"}],"curies":[{"name":"wp","href":"https:\/\/api.w.org\/{rel}","templated":true}]}}