{"id":22416,"date":"2025-08-23T17:44:44","date_gmt":"2025-08-23T22:44:44","guid":{"rendered":"https:\/\/zaracaytv.com\/?p=22416"},"modified":"2025-08-22T18:04:17","modified_gmt":"2025-08-22T23:04:17","slug":"los-accidentes-en-el-bypass-quito-quevedo-causan-preocupacion","status":"publish","type":"post","link":"https:\/\/zaracaytv.com\/?p=22416","title":{"rendered":"LOS ACCIDENTES EN EL BYPASS QUITO \u2013 QUEVEDO CAUSAN PREOCUPACI\u00d3N"},"content":{"rendered":"<body><p><\/p><img loading=\"lazy\" decoding=\"async\" class=\"size-medium wp-image-22417 alignleft\" src=\"https:\/\/zaracaytv.com\/wp-content\/uploads\/2025\/08\/tyi-300x172.png\" alt=\"\" width=\"300\" height=\"172\" loading=\"lazy\" srcset=\"https:\/\/zaracaytv.com\/wp-content\/uploads\/2025\/08\/tyi-300x172.png 300w, https:\/\/zaracaytv.com\/wp-content\/uploads\/2025\/08\/tyi-1024x587.png 1024w, https:\/\/zaracaytv.com\/wp-content\/uploads\/2025\/08\/tyi-768x440.png 768w, https:\/\/zaracaytv.com\/wp-content\/uploads\/2025\/08\/tyi-570x327.png 570w, https:\/\/zaracaytv.com\/wp-content\/uploads\/2025\/08\/tyi-270x155.png 270w, https:\/\/zaracaytv.com\/wp-content\/uploads\/2025\/08\/tyi.png 1527w\" sizes=\"auto, (max-width: 300px) 100vw, 300px\" \/>Una persona muri\u00f3 en un accidente de tr\u00e1nsito cuando manejaba por el bypass Quevedo \u2013 Quito cerca al sector Nuevo Amanecer, el hecho ocurri\u00f3 el jueves 21 de agosto. Seg\u00fan informaci\u00f3n extraoficial, la moto en la cual circulaba habr\u00eda tenido problemas con los frenos, por lo cual no pudo reducir la velocidad y termin\u00f3 impact\u00e1ndose contra otro veh\u00edculo. Quienes pasan por este acceso enfatizan que es peligroso debido a la alta velocidad con la que circulan los automotores.\n<p>Los conductores explican que transitar por esta v\u00eda es riesgoso, debido a la escasa se\u00f1al\u00e9tica que existe. Ellos piden que se mejoren los indicadores de la ruta y se coloquen sem\u00e1foros en ciertas intersecciones como en la entrada al Nuevo Amanecer, con el objetivo de evitar nuevos accidentes.<img loading=\"lazy\" decoding=\"async\" class=\"size-medium wp-image-22418 alignright\" src=\"https:\/\/zaracaytv.com\/wp-content\/uploads\/2025\/08\/yt-300x151.png\" alt=\"\" width=\"300\" height=\"151\" loading=\"lazy\" srcset=\"https:\/\/zaracaytv.com\/wp-content\/uploads\/2025\/08\/yt-300x151.png 300w, https:\/\/zaracaytv.com\/wp-content\/uploads\/2025\/08\/yt-1024x516.png 1024w, https:\/\/zaracaytv.com\/wp-content\/uploads\/2025\/08\/yt-768x387.png 768w, https:\/\/zaracaytv.com\/wp-content\/uploads\/2025\/08\/yt-1536x774.png 1536w, https:\/\/zaracaytv.com\/wp-content\/uploads\/2025\/08\/yt-570x287.png 570w, https:\/\/zaracaytv.com\/wp-content\/uploads\/2025\/08\/yt-270x136.png 270w, https:\/\/zaracaytv.com\/wp-content\/uploads\/2025\/08\/yt.png 1589w\" sizes=\"auto, (max-width: 300px) 100vw, 300px\" \/><\/p>\n<p>Ante la falta de estos dispositivos, los conductores solicitan la presencia de agentes o polic\u00edas de tr\u00e1nsito para controlar el alto flujo vehicular del acceso.<\/p>\n<p>Por otro lado, en el kil\u00f3metro 10 de la v\u00eda Quinind\u00e9 se report\u00f3 en horas de la noche un carro quemado en la ruta. Esta situaci\u00f3n alarm\u00f3 a los conductores, los cuales dieron aviso a los bomberos, quienes despu\u00e9s de unos minutos lograron apagar las llamas. No se reportaron heridos en este caso.<\/p>\n<\/body>","protected":false},"excerpt":{"rendered":"<p>Una persona muri\u00f3 en un accidente de tr\u00e1nsito cuando manejaba por el bypass Quevedo \u2013 Quito cerca al sector Nuevo Amanecer, el hecho ocurri\u00f3 el jueves 21 de agosto. Seg\u00fan informaci\u00f3n extraoficial, la moto en la cual circulaba habr\u00eda tenido problemas con los frenos, por lo cual no pudo reducir la velocidad y termin\u00f3 impact\u00e1ndose [&hellip;]<\/p>\n","protected":false},"author":4,"featured_media":22418,"comment_status":"closed","ping_status":"closed","sticky":false,"template":"","format":"standard","meta":{"om_disable_all_campaigns":false,"_joinchat":[],"footnotes":""},"categories":[31],"tags":[],"class_list":["post-22416","post","type-post","status-publish","format-standard","has-post-thumbnail","hentry","category-la-region"],"_links":{"self":[{"href":"https:\/\/zaracaytv.com\/index.php?rest_route=\/wp\/v2\/posts\/22416","targetHints":{"allow":["GET"]}}],"collection":[{"href":"https:\/\/zaracaytv.com\/index.php?rest_route=\/wp\/v2\/posts"}],"about":[{"href":"https:\/\/zaracaytv.com\/index.php?rest_route=\/wp\/v2\/types\/post"}],"author":[{"embeddable":true,"href":"https:\/\/zaracaytv.com\/index.php?rest_route=\/wp\/v2\/users\/4"}],"replies":[{"embeddable":true,"href":"https:\/\/zaracaytv.com\/index.php?rest_route=%2Fwp%2Fv2%2Fcomments&post=22416"}],"version-history":[{"count":1,"href":"https:\/\/zaracaytv.com\/index.php?rest_route=\/wp\/v2\/posts\/22416\/revisions"}],"predecessor-version":[{"id":22419,"href":"https:\/\/zaracaytv.com\/index.php?rest_route=\/wp\/v2\/posts\/22416\/revisions\/22419"}],"wp:featuredmedia":[{"embeddable":true,"href":"https:\/\/zaracaytv.com\/index.php?rest_route=\/wp\/v2\/media\/22418"}],"wp:attachment":[{"href":"https:\/\/zaracaytv.com\/index.php?rest_route=%2Fwp%2Fv2%2Fmedia&parent=22416"}],"wp:term":[{"taxonomy":"category","embeddable":true,"href":"https:\/\/zaracaytv.com\/index.php?rest_route=%2Fwp%2Fv2%2Fcategories&post=22416"},{"taxonomy":"post_tag","embeddable":true,"href":"https:\/\/zaracaytv.com\/index.php?rest_route=%2Fwp%2Fv2%2Ftags&post=22416"}],"curies":[{"name":"wp","href":"https:\/\/api.w.org\/{rel}","templated":true}]}}