{"id":22339,"date":"2025-08-21T09:57:40","date_gmt":"2025-08-21T14:57:40","guid":{"rendered":"https:\/\/zaracaytv.com\/?p=22339"},"modified":"2025-08-21T09:57:40","modified_gmt":"2025-08-21T14:57:40","slug":"la-ministra-de-educacion-hablo-de-reforzar-los-controles-en-las-u-e","status":"publish","type":"post","link":"https:\/\/zaracaytv.com\/?p=22339","title":{"rendered":"LA MINISTRA DE EDUCACI\u00d3N HABL\u00d3 DE REFORZAR LOS CONTROLES EN LAS U.E."},"content":{"rendered":"<body><p><\/p><img loading=\"lazy\" decoding=\"async\" class=\"size-medium wp-image-22340 alignright\" src=\"https:\/\/zaracaytv.com\/wp-content\/uploads\/2025\/08\/u8i9o00o-300x168.png\" alt=\"\" width=\"300\" height=\"168\" loading=\"lazy\" srcset=\"https:\/\/zaracaytv.com\/wp-content\/uploads\/2025\/08\/u8i9o00o-300x168.png 300w, https:\/\/zaracaytv.com\/wp-content\/uploads\/2025\/08\/u8i9o00o-1024x573.png 1024w, https:\/\/zaracaytv.com\/wp-content\/uploads\/2025\/08\/u8i9o00o-768x429.png 768w, https:\/\/zaracaytv.com\/wp-content\/uploads\/2025\/08\/u8i9o00o-1536x859.png 1536w, https:\/\/zaracaytv.com\/wp-content\/uploads\/2025\/08\/u8i9o00o-570x319.png 570w, https:\/\/zaracaytv.com\/wp-content\/uploads\/2025\/08\/u8i9o00o-270x151.png 270w, https:\/\/zaracaytv.com\/wp-content\/uploads\/2025\/08\/u8i9o00o.png 1622w\" sizes=\"auto, (max-width: 300px) 100vw, 300px\" \/>Los actos vand\u00e1licos han sembrado terror en ciertas unidades educativas en Santo Domingo. Uno de estos centros fue invadido por antisociales, los cuales dejaron marcados grafitis en una pared, haciendo alusi\u00f3n a un grupo delictivo que opera en Santo Domingo, seg\u00fan pudieron verificar las autoridades policiales. La Ministra de Educaci\u00f3n, Alegr\u00eda Crespo, dijo que este tema sensible involucra a todos, por lo que deben ser part\u00edcipes y respaldarse con el Ministerio del Interior, cuya competencia tiene la seguridad. Ellos han flexibilizado el acuerdo ministerial para que la Polic\u00eda Nacional pueda ingresar a los centros educativos, \u00fanicamente cuando exista un peligro o riesgo inminente.\n<p>Seg\u00fan Crespo, el control de los ingresos de los centros educativos debe coordinarse con la Polic\u00eda Nacional.<\/p>\n<p><img loading=\"lazy\" decoding=\"async\" class=\"size-medium wp-image-22341 alignleft\" src=\"https:\/\/zaracaytv.com\/wp-content\/uploads\/2025\/08\/ji-300x168.png\" alt=\"\" width=\"300\" height=\"168\" loading=\"lazy\" srcset=\"https:\/\/zaracaytv.com\/wp-content\/uploads\/2025\/08\/ji-300x168.png 300w, https:\/\/zaracaytv.com\/wp-content\/uploads\/2025\/08\/ji-1024x575.png 1024w, https:\/\/zaracaytv.com\/wp-content\/uploads\/2025\/08\/ji-768x431.png 768w, https:\/\/zaracaytv.com\/wp-content\/uploads\/2025\/08\/ji-1536x862.png 1536w, https:\/\/zaracaytv.com\/wp-content\/uploads\/2025\/08\/ji-570x320.png 570w, https:\/\/zaracaytv.com\/wp-content\/uploads\/2025\/08\/ji-270x152.png 270w, https:\/\/zaracaytv.com\/wp-content\/uploads\/2025\/08\/ji.png 1602w\" sizes=\"auto, (max-width: 300px) 100vw, 300px\" \/>La ministra tambi\u00e9n mencion\u00f3 que trabajan en el proceso de transici\u00f3n con la Secretar\u00eda de Educaci\u00f3n Superior, Ciencia, Tecnolog\u00eda e Innovaci\u00f3n. El representante de la Senescyt, explic\u00f3 que los cambios no afectan a los proyectos que se ejecutan como la Universidad P\u00fablica para Santo Domingo de los Ts\u00e1chilas.<\/p>\n<p>La ministra visit\u00f3 la provincia este mi\u00e9rcoles 20 de agosto, en la que particip\u00f3 de la reapertura de una unidad educativa en Alluriqu\u00edn, que estuvo cerrada durante 10 a\u00f1os por una falla geol\u00f3gica que tuvo una inversi\u00f3n de 163 mil d\u00f3lares. Como parte de la agenda, visit\u00f3 adem\u00e1s la Universidad Uniandes, donde lanz\u00f3 el bachillerato t\u00e9cnico para j\u00f3venes y adultos con escolaridad inconclusa.<\/p>\n<\/body>","protected":false},"excerpt":{"rendered":"<p>Los actos vand\u00e1licos han sembrado terror en ciertas unidades educativas en Santo Domingo. Uno de estos centros fue invadido por antisociales, los cuales dejaron marcados grafitis en una pared, haciendo alusi\u00f3n a un grupo delictivo que opera en Santo Domingo, seg\u00fan pudieron verificar las autoridades policiales. La Ministra de Educaci\u00f3n, Alegr\u00eda Crespo, dijo que este [&hellip;]<\/p>\n","protected":false},"author":4,"featured_media":22340,"comment_status":"closed","ping_status":"closed","sticky":false,"template":"","format":"standard","meta":{"om_disable_all_campaigns":false,"_joinchat":[],"footnotes":""},"categories":[31],"tags":[],"class_list":["post-22339","post","type-post","status-publish","format-standard","has-post-thumbnail","hentry","category-la-region"],"_links":{"self":[{"href":"https:\/\/zaracaytv.com\/index.php?rest_route=\/wp\/v2\/posts\/22339","targetHints":{"allow":["GET"]}}],"collection":[{"href":"https:\/\/zaracaytv.com\/index.php?rest_route=\/wp\/v2\/posts"}],"about":[{"href":"https:\/\/zaracaytv.com\/index.php?rest_route=\/wp\/v2\/types\/post"}],"author":[{"embeddable":true,"href":"https:\/\/zaracaytv.com\/index.php?rest_route=\/wp\/v2\/users\/4"}],"replies":[{"embeddable":true,"href":"https:\/\/zaracaytv.com\/index.php?rest_route=%2Fwp%2Fv2%2Fcomments&post=22339"}],"version-history":[{"count":1,"href":"https:\/\/zaracaytv.com\/index.php?rest_route=\/wp\/v2\/posts\/22339\/revisions"}],"predecessor-version":[{"id":22342,"href":"https:\/\/zaracaytv.com\/index.php?rest_route=\/wp\/v2\/posts\/22339\/revisions\/22342"}],"wp:featuredmedia":[{"embeddable":true,"href":"https:\/\/zaracaytv.com\/index.php?rest_route=\/wp\/v2\/media\/22340"}],"wp:attachment":[{"href":"https:\/\/zaracaytv.com\/index.php?rest_route=%2Fwp%2Fv2%2Fmedia&parent=22339"}],"wp:term":[{"taxonomy":"category","embeddable":true,"href":"https:\/\/zaracaytv.com\/index.php?rest_route=%2Fwp%2Fv2%2Fcategories&post=22339"},{"taxonomy":"post_tag","embeddable":true,"href":"https:\/\/zaracaytv.com\/index.php?rest_route=%2Fwp%2Fv2%2Ftags&post=22339"}],"curies":[{"name":"wp","href":"https:\/\/api.w.org\/{rel}","templated":true}]}}