{"id":22323,"date":"2025-08-20T16:11:39","date_gmt":"2025-08-20T21:11:39","guid":{"rendered":"https:\/\/zaracaytv.com\/?p=22323"},"modified":"2025-08-20T18:15:07","modified_gmt":"2025-08-20T23:15:07","slug":"upc-en-maria-del-carmen-esta-paralizada-con-el-80-de-avance-desde-hace-seis-meses","status":"publish","type":"post","link":"https:\/\/zaracaytv.com\/?p=22323","title":{"rendered":"UPC EN MAR\u00cdA DEL CARMEN EST\u00c1 PARALIZADA CON EL 80% DE AVANCE DESDE HACE SEIS MESES"},"content":{"rendered":"<body><p><\/p><span style=\"font-weight: 400;\"><img loading=\"lazy\" decoding=\"async\" class=\"size-medium wp-image-22324 alignleft\" src=\"https:\/\/zaracaytv.com\/wp-content\/uploads\/2025\/08\/ds-300x171.png\" alt=\"\" width=\"300\" height=\"171\" loading=\"lazy\" srcset=\"https:\/\/zaracaytv.com\/wp-content\/uploads\/2025\/08\/ds-300x171.png 300w, https:\/\/zaracaytv.com\/wp-content\/uploads\/2025\/08\/ds-1024x584.png 1024w, https:\/\/zaracaytv.com\/wp-content\/uploads\/2025\/08\/ds-768x438.png 768w, https:\/\/zaracaytv.com\/wp-content\/uploads\/2025\/08\/ds-1536x875.png 1536w, https:\/\/zaracaytv.com\/wp-content\/uploads\/2025\/08\/ds-570x325.png 570w, https:\/\/zaracaytv.com\/wp-content\/uploads\/2025\/08\/ds-270x154.png 270w, https:\/\/zaracaytv.com\/wp-content\/uploads\/2025\/08\/ds.png 1602w\" sizes=\"auto, (max-width: 300px) 100vw, 300px\" \/>Alrededor de 6 meses lleva abandonada la construcci\u00f3n de la Unidad de Polic\u00eda Comunitaria de la urbanizaci\u00f3n Mar\u00eda del Carmen, entre la avenida R\u00edo Toachi y la calle 10 de Agosto, se\u00f1alaron los vecinos del sector. Al consultar a la polic\u00eda, se\u00f1alaron que el contratista encargado de la obra no cumpli\u00f3 con su finalizaci\u00f3n, ahora se busca a otro para culminar el proyecto. Situaci\u00f3n que mantiene preocupados a los moradores, pues el mismo tiene un 80% de avance.<\/span>\n<p><span style=\"font-weight: 400;\">La construcci\u00f3n de esta UPC tambi\u00e9n gener\u00f3 debate entre los vecinos, pues algunos enfatizaron que no hubo un di\u00e1logo previo antes de su realizaci\u00f3n. Esto debido a que parte del parque de la localidad fue usado para la ejecuci\u00f3n de esta obra, que seg\u00fan los habitantes, ahora es un gran elefante blanco.<\/span><\/p>\n<p><span style=\"font-weight: 400;\">Sin embargo, algunos padres de familia explican que en la zona es necesar<img loading=\"lazy\" decoding=\"async\" class=\"size-medium wp-image-22325 alignright\" src=\"https:\/\/zaracaytv.com\/wp-content\/uploads\/2025\/08\/ew-300x174.png\" alt=\"\" width=\"300\" height=\"174\" loading=\"lazy\" srcset=\"https:\/\/zaracaytv.com\/wp-content\/uploads\/2025\/08\/ew-300x174.png 300w, https:\/\/zaracaytv.com\/wp-content\/uploads\/2025\/08\/ew-1024x595.png 1024w, https:\/\/zaracaytv.com\/wp-content\/uploads\/2025\/08\/ew-768x446.png 768w, https:\/\/zaracaytv.com\/wp-content\/uploads\/2025\/08\/ew-1536x893.png 1536w, https:\/\/zaracaytv.com\/wp-content\/uploads\/2025\/08\/ew-568x330.png 568w, https:\/\/zaracaytv.com\/wp-content\/uploads\/2025\/08\/ew-270x157.png 270w, https:\/\/zaracaytv.com\/wp-content\/uploads\/2025\/08\/ew.png 1581w\" sizes=\"auto, (max-width: 300px) 100vw, 300px\" \/>ia una UPC, al existir una gran afluencia de estudiantes, los cuales podr\u00edan estar m\u00e1s seguros con la presencia de uniformados.<\/span><\/p>\n<p><span style=\"font-weight: 400;\">Desde la polic\u00eda se acot\u00f3 que a\u00fan no hay contratista para finalizar esta obra, ni tampoco hay fecha para su culminaci\u00f3n. Esta situaci\u00f3n mantiene preocupados a los moradores, pues el sitio no cuenta con seguridad y puede ser invadido por personas en situaci\u00f3n de calle.<\/span><\/p>\n<p>\u00a0<\/p>\n<p><iframe title=\"LA REGI\u00d3N - UPC EN MAR\u00cdA DEL CARMEN EST\u00c1 PARALIZADA CON EL 80% DE AVANCE DESDE HACE SEIS MESES\" width=\"800\" height=\"450\" src=\"https:\/\/www.youtube.com\/embed\/ilbuRDE6RDk?feature=oembed\" frameborder=\"0\" allow=\"accelerometer; autoplay; clipboard-write; encrypted-media; gyroscope; picture-in-picture; web-share\" referrerpolicy=\"strict-origin-when-cross-origin\" allowfullscreen><\/iframe><\/p>\n<\/body>","protected":false},"excerpt":{"rendered":"<p>Alrededor de 6 meses lleva abandonada la construcci\u00f3n de la Unidad de Polic\u00eda Comunitaria de la urbanizaci\u00f3n Mar\u00eda del Carmen, entre la avenida R\u00edo Toachi y la calle 10 de Agosto, se\u00f1alaron los vecinos del sector. Al consultar a la polic\u00eda, se\u00f1alaron que el contratista encargado de la obra no cumpli\u00f3 con su finalizaci\u00f3n, ahora [&hellip;]<\/p>\n","protected":false},"author":4,"featured_media":22324,"comment_status":"closed","ping_status":"closed","sticky":false,"template":"","format":"standard","meta":{"om_disable_all_campaigns":false,"_joinchat":[],"footnotes":""},"categories":[25],"tags":[],"class_list":["post-22323","post","type-post","status-publish","format-standard","has-post-thumbnail","hentry","category-la-comunidad"],"_links":{"self":[{"href":"https:\/\/zaracaytv.com\/index.php?rest_route=\/wp\/v2\/posts\/22323","targetHints":{"allow":["GET"]}}],"collection":[{"href":"https:\/\/zaracaytv.com\/index.php?rest_route=\/wp\/v2\/posts"}],"about":[{"href":"https:\/\/zaracaytv.com\/index.php?rest_route=\/wp\/v2\/types\/post"}],"author":[{"embeddable":true,"href":"https:\/\/zaracaytv.com\/index.php?rest_route=\/wp\/v2\/users\/4"}],"replies":[{"embeddable":true,"href":"https:\/\/zaracaytv.com\/index.php?rest_route=%2Fwp%2Fv2%2Fcomments&post=22323"}],"version-history":[{"count":3,"href":"https:\/\/zaracaytv.com\/index.php?rest_route=\/wp\/v2\/posts\/22323\/revisions"}],"predecessor-version":[{"id":22331,"href":"https:\/\/zaracaytv.com\/index.php?rest_route=\/wp\/v2\/posts\/22323\/revisions\/22331"}],"wp:featuredmedia":[{"embeddable":true,"href":"https:\/\/zaracaytv.com\/index.php?rest_route=\/wp\/v2\/media\/22324"}],"wp:attachment":[{"href":"https:\/\/zaracaytv.com\/index.php?rest_route=%2Fwp%2Fv2%2Fmedia&parent=22323"}],"wp:term":[{"taxonomy":"category","embeddable":true,"href":"https:\/\/zaracaytv.com\/index.php?rest_route=%2Fwp%2Fv2%2Fcategories&post=22323"},{"taxonomy":"post_tag","embeddable":true,"href":"https:\/\/zaracaytv.com\/index.php?rest_route=%2Fwp%2Fv2%2Ftags&post=22323"}],"curies":[{"name":"wp","href":"https:\/\/api.w.org\/{rel}","templated":true}]}}