{"id":22319,"date":"2025-08-20T16:03:18","date_gmt":"2025-08-20T21:03:18","guid":{"rendered":"https:\/\/zaracaytv.com\/?p=22319"},"modified":"2025-08-20T18:16:09","modified_gmt":"2025-08-20T23:16:09","slug":"mall-santo-domingo-iniciaria-su-construccion-en-octubre-y-ya-genera-debate","status":"publish","type":"post","link":"https:\/\/zaracaytv.com\/?p=22319","title":{"rendered":"MALL SANTO DOMINGO INICIAR\u00cdA SU CONSTRUCCI\u00d3N EN OCTUBRE Y YA GENERA DEBATE"},"content":{"rendered":"<body><p><\/p><img loading=\"lazy\" decoding=\"async\" class=\"size-medium wp-image-22320 alignleft\" src=\"https:\/\/zaracaytv.com\/wp-content\/uploads\/2025\/08\/sdw-300x178.png\" alt=\"\" width=\"300\" height=\"178\" loading=\"lazy\" srcset=\"https:\/\/zaracaytv.com\/wp-content\/uploads\/2025\/08\/sdw-300x178.png 300w, https:\/\/zaracaytv.com\/wp-content\/uploads\/2025\/08\/sdw-1024x606.png 1024w, https:\/\/zaracaytv.com\/wp-content\/uploads\/2025\/08\/sdw-768x455.png 768w, https:\/\/zaracaytv.com\/wp-content\/uploads\/2025\/08\/sdw-557x330.png 557w, https:\/\/zaracaytv.com\/wp-content\/uploads\/2025\/08\/sdw-270x160.png 270w, https:\/\/zaracaytv.com\/wp-content\/uploads\/2025\/08\/sdw.png 1527w\" sizes=\"auto, (max-width: 300px) 100vw, 300px\" \/>La Empresa P\u00fablica de Construcciones, Vivienda y Aseo (EP-CONST) de Santo Domingo se encuentra a la espera de definir al aliado estrat\u00e9gico que construir\u00e1 el proyecto Mall Santo Domingo. Seg\u00fan inform\u00f3 el gerente de la entidad, Patricio Silva, en aproximadamente un mes se conocer\u00e1 a la empresa contratista, lo que permitir\u00eda iniciar las obras en octubre.\n<p>Mientras tanto, el alcalde Wilson Erazo lanz\u00f3 el pasado lunes 18 de agosto una convocatoria p\u00fablica para que los interesados adquieran parte de los 400 locales comerciales de los 1.200 que contempla el proyecto. Esta decisi\u00f3n gener\u00f3 sorpresa entre los comerciantes de la Federaci\u00f3n de la Peatonal 3 de Julio, cuyo presidente, Ramiro Abad, calific\u00f3 la medida como \u201cun acto de desesperaci\u00f3n\u201d. Adem\u00e1s, anunci\u00f3 que no participar\u00e1n en la socializaci\u00f3n convocada por el cabildo para este viernes 22 de agosto.<\/p>\n<p>Desde la organizaci\u00f3n de comerciantes tambi\u00e9n expresaron que mantienen expectativas frente al dise\u00f1o final del mall, pues consideran que esa informaci\u00f3n ser\u00e1 determinante para tomar decisiones sobre una posible participaci\u00f3n. <img loading=\"lazy\" decoding=\"async\" class=\"size-medium wp-image-22321 alignright\" src=\"https:\/\/zaracaytv.com\/wp-content\/uploads\/2025\/08\/yuioio-300x171.png\" alt=\"\" width=\"300\" height=\"171\" loading=\"lazy\" srcset=\"https:\/\/zaracaytv.com\/wp-content\/uploads\/2025\/08\/yuioio-300x171.png 300w, https:\/\/zaracaytv.com\/wp-content\/uploads\/2025\/08\/yuioio-1024x583.png 1024w, https:\/\/zaracaytv.com\/wp-content\/uploads\/2025\/08\/yuioio-768x438.png 768w, https:\/\/zaracaytv.com\/wp-content\/uploads\/2025\/08\/yuioio-570x325.png 570w, https:\/\/zaracaytv.com\/wp-content\/uploads\/2025\/08\/yuioio-270x154.png 270w, https:\/\/zaracaytv.com\/wp-content\/uploads\/2025\/08\/yuioio.png 1413w\" sizes=\"auto, (max-width: 300px) 100vw, 300px\" \/><\/p>\n<p>De acuerdo con Silva, este proyecto de 12 millones de d\u00f3lares avanza bajo un modelo distinto, lo que ha permitido que se ejecute de forma r\u00e1pida, pese a que a\u00fan restan por completar algunos rubros equivalentes al 2% del presupuesto.<\/p>\n<p>Una vez que arranquen las obras civiles, la municipalidad estima que la construcci\u00f3n tomar\u00e1 entre 10 y 11 meses. El mall incluir\u00e1 puentes met\u00e1licos, \u00e1reas verdes, y otros espacios p\u00fablicos.<\/p>\n<p>\u00a0<\/p>\n<p><iframe title=\"LA REGI\u00d3N - MALL SANTO DOMINGO INICIAR\u00cdA SU CONSTRUCCI\u00d3N EN OCTUBRE Y YA GENERA DEBATE\" width=\"800\" height=\"450\" src=\"https:\/\/www.youtube.com\/embed\/6sBYXf22-Yg?feature=oembed\" frameborder=\"0\" allow=\"accelerometer; autoplay; clipboard-write; encrypted-media; gyroscope; picture-in-picture; web-share\" referrerpolicy=\"strict-origin-when-cross-origin\" allowfullscreen><\/iframe><\/p>\n<\/body>","protected":false},"excerpt":{"rendered":"<p>La Empresa P\u00fablica de Construcciones, Vivienda y Aseo (EP-CONST) de Santo Domingo se encuentra a la espera de definir al aliado estrat\u00e9gico que construir\u00e1 el proyecto Mall Santo Domingo. Seg\u00fan inform\u00f3 el gerente de la entidad, Patricio Silva, en aproximadamente un mes se conocer\u00e1 a la empresa contratista, lo que permitir\u00eda iniciar las obras en [&hellip;]<\/p>\n","protected":false},"author":4,"featured_media":22320,"comment_status":"closed","ping_status":"closed","sticky":false,"template":"","format":"standard","meta":{"om_disable_all_campaigns":false,"_joinchat":[],"footnotes":""},"categories":[31],"tags":[],"class_list":["post-22319","post","type-post","status-publish","format-standard","has-post-thumbnail","hentry","category-la-region"],"_links":{"self":[{"href":"https:\/\/zaracaytv.com\/index.php?rest_route=\/wp\/v2\/posts\/22319","targetHints":{"allow":["GET"]}}],"collection":[{"href":"https:\/\/zaracaytv.com\/index.php?rest_route=\/wp\/v2\/posts"}],"about":[{"href":"https:\/\/zaracaytv.com\/index.php?rest_route=\/wp\/v2\/types\/post"}],"author":[{"embeddable":true,"href":"https:\/\/zaracaytv.com\/index.php?rest_route=\/wp\/v2\/users\/4"}],"replies":[{"embeddable":true,"href":"https:\/\/zaracaytv.com\/index.php?rest_route=%2Fwp%2Fv2%2Fcomments&post=22319"}],"version-history":[{"count":2,"href":"https:\/\/zaracaytv.com\/index.php?rest_route=\/wp\/v2\/posts\/22319\/revisions"}],"predecessor-version":[{"id":22332,"href":"https:\/\/zaracaytv.com\/index.php?rest_route=\/wp\/v2\/posts\/22319\/revisions\/22332"}],"wp:featuredmedia":[{"embeddable":true,"href":"https:\/\/zaracaytv.com\/index.php?rest_route=\/wp\/v2\/media\/22320"}],"wp:attachment":[{"href":"https:\/\/zaracaytv.com\/index.php?rest_route=%2Fwp%2Fv2%2Fmedia&parent=22319"}],"wp:term":[{"taxonomy":"category","embeddable":true,"href":"https:\/\/zaracaytv.com\/index.php?rest_route=%2Fwp%2Fv2%2Fcategories&post=22319"},{"taxonomy":"post_tag","embeddable":true,"href":"https:\/\/zaracaytv.com\/index.php?rest_route=%2Fwp%2Fv2%2Ftags&post=22319"}],"curies":[{"name":"wp","href":"https:\/\/api.w.org\/{rel}","templated":true}]}}