{"id":22311,"date":"2025-08-20T12:45:31","date_gmt":"2025-08-20T17:45:31","guid":{"rendered":"https:\/\/zaracaytv.com\/?p=22311"},"modified":"2025-08-20T12:46:16","modified_gmt":"2025-08-20T17:46:16","slug":"nuevo-centro-medico-de-la-fundacion-prosperar-salud-en-sto-dgo","status":"publish","type":"post","link":"https:\/\/zaracaytv.com\/?p=22311","title":{"rendered":"NUEVO CENTRO M\u00c9DICO DE LA FUNDACI\u00d3N PROSPERAR SALUD EN STO. DGO."},"content":{"rendered":"<body><p><\/p><img loading=\"lazy\" decoding=\"async\" class=\"size-medium wp-image-22312 alignright\" src=\"https:\/\/zaracaytv.com\/wp-content\/uploads\/2025\/08\/olu-300x173.png\" alt=\"\" width=\"300\" height=\"173\" loading=\"lazy\" srcset=\"https:\/\/zaracaytv.com\/wp-content\/uploads\/2025\/08\/olu-300x173.png 300w, https:\/\/zaracaytv.com\/wp-content\/uploads\/2025\/08\/olu-1024x589.png 1024w, https:\/\/zaracaytv.com\/wp-content\/uploads\/2025\/08\/olu-768x442.png 768w, https:\/\/zaracaytv.com\/wp-content\/uploads\/2025\/08\/olu-1536x884.png 1536w, https:\/\/zaracaytv.com\/wp-content\/uploads\/2025\/08\/olu-570x328.png 570w, https:\/\/zaracaytv.com\/wp-content\/uploads\/2025\/08\/olu-270x155.png 270w, https:\/\/zaracaytv.com\/wp-content\/uploads\/2025\/08\/olu.png 1592w\" sizes=\"auto, (max-width: 300px) 100vw, 300px\" \/>El nuevo y moderno centro m\u00e9dico de la Fundaci\u00f3n Prosperar Salud, que fue inaugurado este martes 19 de agosto, est\u00e1 ubicado en la avenida Quito,\u00a0 diagonal a la Casa de la Cultura Benjam\u00edn Carri\u00f3n, n\u00facleo Santo Domingo de los Ts\u00e1chilas, y se presenta como una alternativa para hacerse atender a costos accesibles. La presidenta de esta Fundaci\u00f3n, Liliana Zuluaga, explic\u00f3 que son una organizaci\u00f3n sin fines de lucro que trabaja para mejorar la calidad de vida de los ecuatorianos, especialmente de \u00e1reas vulnerables.\n<p>Zuluaga explic\u00f3 que trabajan en tres ejes como la prestaci\u00f3n de servicios a bajos costos. A trav\u00e9s de los centros m\u00e9dicos identifican la necesidad de especialistas y realizan\u00a0brigadas m\u00e9dicas m\u00f3viles en diferentes sectores del pa\u00eds.<\/p>\n<p>Por su parte, la directora de responsabilidad social de la Fundaci\u00f3n Prosperar Salud, Yolanda R\u00edos, hizo \u00e9nfasis en que se enfocan en brindar servicios de salud, promover el deporte y la inclusi\u00f3n, y desarrollar proyectos de impacto social y ambiental. Los servicios que aqu\u00ed se brindan son medicina general, pediatr\u00eda, ginecolog\u00eda, psicolog\u00eda, laboratorio y nutrici\u00f3n.<\/p>\n<p>Este centro m\u00e9dico atender\u00e1\u00a0 de lunes a viernes de 07h00 a 17h30 y los s\u00e1bados de 07h00 a 12h00. Los domingos no hay atenci\u00f3n. La Fundaci\u00f3n Prosperar Salud est\u00e1 presente en 4 lugares del pa\u00eds, ubicados en Ibarra, La Mena, Cotocollao\u00a0 y ahora Santo Domingo.<\/p>\n<\/body>","protected":false},"excerpt":{"rendered":"<p>El nuevo y moderno centro m\u00e9dico de la Fundaci\u00f3n Prosperar Salud, que fue inaugurado este martes 19 de agosto, est\u00e1 ubicado en la avenida Quito,\u00a0 diagonal a la Casa de la Cultura Benjam\u00edn Carri\u00f3n, n\u00facleo Santo Domingo de los Ts\u00e1chilas, y se presenta como una alternativa para hacerse atender a costos accesibles. La presidenta de [&hellip;]<\/p>\n","protected":false},"author":4,"featured_media":22312,"comment_status":"closed","ping_status":"closed","sticky":false,"template":"","format":"standard","meta":{"om_disable_all_campaigns":false,"_joinchat":[],"footnotes":""},"categories":[31],"tags":[],"class_list":["post-22311","post","type-post","status-publish","format-standard","has-post-thumbnail","hentry","category-la-region"],"_links":{"self":[{"href":"https:\/\/zaracaytv.com\/index.php?rest_route=\/wp\/v2\/posts\/22311","targetHints":{"allow":["GET"]}}],"collection":[{"href":"https:\/\/zaracaytv.com\/index.php?rest_route=\/wp\/v2\/posts"}],"about":[{"href":"https:\/\/zaracaytv.com\/index.php?rest_route=\/wp\/v2\/types\/post"}],"author":[{"embeddable":true,"href":"https:\/\/zaracaytv.com\/index.php?rest_route=\/wp\/v2\/users\/4"}],"replies":[{"embeddable":true,"href":"https:\/\/zaracaytv.com\/index.php?rest_route=%2Fwp%2Fv2%2Fcomments&post=22311"}],"version-history":[{"count":1,"href":"https:\/\/zaracaytv.com\/index.php?rest_route=\/wp\/v2\/posts\/22311\/revisions"}],"predecessor-version":[{"id":22313,"href":"https:\/\/zaracaytv.com\/index.php?rest_route=\/wp\/v2\/posts\/22311\/revisions\/22313"}],"wp:featuredmedia":[{"embeddable":true,"href":"https:\/\/zaracaytv.com\/index.php?rest_route=\/wp\/v2\/media\/22312"}],"wp:attachment":[{"href":"https:\/\/zaracaytv.com\/index.php?rest_route=%2Fwp%2Fv2%2Fmedia&parent=22311"}],"wp:term":[{"taxonomy":"category","embeddable":true,"href":"https:\/\/zaracaytv.com\/index.php?rest_route=%2Fwp%2Fv2%2Fcategories&post=22311"},{"taxonomy":"post_tag","embeddable":true,"href":"https:\/\/zaracaytv.com\/index.php?rest_route=%2Fwp%2Fv2%2Ftags&post=22311"}],"curies":[{"name":"wp","href":"https:\/\/api.w.org\/{rel}","templated":true}]}}