{"id":22308,"date":"2025-08-20T12:37:43","date_gmt":"2025-08-20T17:37:43","guid":{"rendered":"https:\/\/zaracaytv.com\/?p=22308"},"modified":"2025-08-20T12:37:43","modified_gmt":"2025-08-20T17:37:43","slug":"del-13-al-14-de-septiembre-se-llamara-para-el-acuartelamiento","status":"publish","type":"post","link":"https:\/\/zaracaytv.com\/?p=22308","title":{"rendered":"DEL 13 AL 14 DE SEPTIEMBRE SE LLAMAR\u00c1 PARA EL ACUARTELAMIENTO"},"content":{"rendered":"<body><p><\/p><img loading=\"lazy\" decoding=\"async\" class=\"size-medium wp-image-22309 alignleft\" src=\"https:\/\/zaracaytv.com\/wp-content\/uploads\/2025\/08\/fyk-300x166.png\" alt=\"\" width=\"300\" height=\"166\" loading=\"lazy\" srcset=\"https:\/\/zaracaytv.com\/wp-content\/uploads\/2025\/08\/fyk-300x166.png 300w, https:\/\/zaracaytv.com\/wp-content\/uploads\/2025\/08\/fyk-1024x567.png 1024w, https:\/\/zaracaytv.com\/wp-content\/uploads\/2025\/08\/fyk-768x425.png 768w, https:\/\/zaracaytv.com\/wp-content\/uploads\/2025\/08\/fyk-1536x850.png 1536w, https:\/\/zaracaytv.com\/wp-content\/uploads\/2025\/08\/fyk-570x315.png 570w, https:\/\/zaracaytv.com\/wp-content\/uploads\/2025\/08\/fyk-270x149.png 270w, https:\/\/zaracaytv.com\/wp-content\/uploads\/2025\/08\/fyk.png 1605w\" sizes=\"auto, (max-width: 300px) 100vw, 300px\" \/>Del 13 al 14 de septiembre inicia el proceso de postulaci\u00f3n para el acuartelamiento en el Centro de Reclutamiento de Santo Domingo. Existen 365 cupos para el cant\u00f3n para quienes deseen ser parte de las filas de las Fuerza Armadas como reserva, explic\u00f3 Jorge Herrera, encargado de la Reserva del Centro de Movilizaci\u00f3n Santo Domingo, quien explic\u00f3 algunos de los requisitos.\n<p>Algunos j\u00f3venes de la provincia ven como una oportunidad enlistarse para ser parte de las Fuerzas Armadas, este es el caso de \u00d3scar Flores, quien est\u00e1 pensando en postularse para conocer m\u00e1s de cerca la vida militar.<\/p>\n<p>Quienes ya fueron parte del cuartel expresaron que fue una experiencia llena de emociones, disciplina y aprendizaje, as\u00ed lo describi\u00f3 Wellington Franco, quien en el mes de abril finaliz\u00f3 este proceso en la ciudad de Quito, despu\u00e9s de 11 meses de haber estado en las filas de las Fuerzas Armadas.<\/p>\n<p>El 13 y 14 de septiembre los postulantes se deber\u00e1n acercarse hasta las instalaciones del Centro de Movilizaci\u00f3n ubicado entre la avenida Quito y calle Cocaniguas a partir de las 07:00 am hasta las 17:00 pm.<\/p>\n<\/body>","protected":false},"excerpt":{"rendered":"<p>Del 13 al 14 de septiembre inicia el proceso de postulaci\u00f3n para el acuartelamiento en el Centro de Reclutamiento de Santo Domingo. Existen 365 cupos para el cant\u00f3n para quienes deseen ser parte de las filas de las Fuerza Armadas como reserva, explic\u00f3 Jorge Herrera, encargado de la Reserva del Centro de Movilizaci\u00f3n Santo Domingo, [&hellip;]<\/p>\n","protected":false},"author":4,"featured_media":22309,"comment_status":"closed","ping_status":"closed","sticky":false,"template":"","format":"standard","meta":{"om_disable_all_campaigns":false,"_joinchat":[],"footnotes":""},"categories":[31],"tags":[],"class_list":["post-22308","post","type-post","status-publish","format-standard","has-post-thumbnail","hentry","category-la-region"],"_links":{"self":[{"href":"https:\/\/zaracaytv.com\/index.php?rest_route=\/wp\/v2\/posts\/22308","targetHints":{"allow":["GET"]}}],"collection":[{"href":"https:\/\/zaracaytv.com\/index.php?rest_route=\/wp\/v2\/posts"}],"about":[{"href":"https:\/\/zaracaytv.com\/index.php?rest_route=\/wp\/v2\/types\/post"}],"author":[{"embeddable":true,"href":"https:\/\/zaracaytv.com\/index.php?rest_route=\/wp\/v2\/users\/4"}],"replies":[{"embeddable":true,"href":"https:\/\/zaracaytv.com\/index.php?rest_route=%2Fwp%2Fv2%2Fcomments&post=22308"}],"version-history":[{"count":1,"href":"https:\/\/zaracaytv.com\/index.php?rest_route=\/wp\/v2\/posts\/22308\/revisions"}],"predecessor-version":[{"id":22310,"href":"https:\/\/zaracaytv.com\/index.php?rest_route=\/wp\/v2\/posts\/22308\/revisions\/22310"}],"wp:featuredmedia":[{"embeddable":true,"href":"https:\/\/zaracaytv.com\/index.php?rest_route=\/wp\/v2\/media\/22309"}],"wp:attachment":[{"href":"https:\/\/zaracaytv.com\/index.php?rest_route=%2Fwp%2Fv2%2Fmedia&parent=22308"}],"wp:term":[{"taxonomy":"category","embeddable":true,"href":"https:\/\/zaracaytv.com\/index.php?rest_route=%2Fwp%2Fv2%2Fcategories&post=22308"},{"taxonomy":"post_tag","embeddable":true,"href":"https:\/\/zaracaytv.com\/index.php?rest_route=%2Fwp%2Fv2%2Ftags&post=22308"}],"curies":[{"name":"wp","href":"https:\/\/api.w.org\/{rel}","templated":true}]}}