{"id":22110,"date":"2025-08-08T18:35:59","date_gmt":"2025-08-08T23:35:59","guid":{"rendered":"https:\/\/zaracaytv.com\/?p=22110"},"modified":"2025-08-08T18:35:59","modified_gmt":"2025-08-08T23:35:59","slug":"comercio-local-estancado-pese-a-proyecciones-alentadoras","status":"publish","type":"post","link":"https:\/\/zaracaytv.com\/?p=22110","title":{"rendered":"COMERCIO LOCAL ESTANCADO PESE A PROYECCIONES ALENTADORAS"},"content":{"rendered":"<body><p><\/p><span style=\"font-weight: 400;\"><img loading=\"lazy\" decoding=\"async\" class=\"size-medium wp-image-22111 alignleft\" src=\"https:\/\/zaracaytv.com\/wp-content\/uploads\/2025\/08\/fgj-300x169.png\" alt=\"\" width=\"300\" height=\"169\" loading=\"lazy\" srcset=\"https:\/\/zaracaytv.com\/wp-content\/uploads\/2025\/08\/fgj-300x169.png 300w, https:\/\/zaracaytv.com\/wp-content\/uploads\/2025\/08\/fgj-1024x578.png 1024w, https:\/\/zaracaytv.com\/wp-content\/uploads\/2025\/08\/fgj-768x434.png 768w, https:\/\/zaracaytv.com\/wp-content\/uploads\/2025\/08\/fgj-1536x867.png 1536w, https:\/\/zaracaytv.com\/wp-content\/uploads\/2025\/08\/fgj-570x322.png 570w, https:\/\/zaracaytv.com\/wp-content\/uploads\/2025\/08\/fgj-270x152.png 270w, https:\/\/zaracaytv.com\/wp-content\/uploads\/2025\/08\/fgj.png 1550w\" sizes=\"auto, (max-width: 300px) 100vw, 300px\" \/>Pese a las proyecciones optimistas de las autoridades a inicios de a\u00f1o, la actividad comercial en Santo Domingo no ha mostrado mayores avances durante los primeros seis meses de 2025. As\u00ed lo evidencian los registros de varios almacenes, donde el ingreso de mercanc\u00eda se ha mantenido dentro de los m\u00e1rgenes de los \u00faltimos dos a\u00f1os, sin un repunte significativo. El empresario Arturo Mi\u00f1aca, se\u00f1al\u00f3 que este comportamiento responde a una recesi\u00f3n econ\u00f3mica que sigue afectando a comerciantes locales. \u201cHay un estancamiento visible. Los negocios no crecen y la incertidumbre limita las inversiones\u201d, explic\u00f3.<\/span>\n<p><span style=\"font-weight: 400;\">En tiendas y locales comerciales, las asesoras de ventas coinciden en que la actividad depende en gran medida de las fechas festivas, pero este a\u00f1o, seg\u00fan afirman, no han tenido los resultados esperados.\u00a0<\/span><\/p>\n<p><span style=\"font-weight: 400;\">Mi\u00f1aca tambi\u00e9n expres\u00f3 inquietud por el impacto que podr\u00edan tener los despidos masivos anunciados en el sector p\u00fablico. Asegura que, si no se compensa con otras medidas econ\u00f3micas efectivas, la capacidad de consumo se ver\u00e1 a\u00fan m\u00e1s afectada en el segundo semestre del a\u00f1o.<\/span><\/p>\n<p><span style=\"font-weight: 400;\">Otro de los factores que influye en la desaceleraci\u00f3n del comercio es la inseguridad. Los comerciantes que ten\u00edan intenciones de expandir sus negocios o hacer nuevas inversiones han decidido postergar sus planes por temor a extorsiones, una problem\u00e1tica que se presenta en distintos sectores de la ciudad. Frente a este panorama, el sector comercial de Santo Domingo permanece a la expectativa de que las condiciones econ\u00f3micas y de seguridad mejoren en lo que resta del a\u00f1o, con el objetivo de recuperar la confianza tanto de los consumidores como de los emprendedores.<\/span><\/p>\n<\/body>","protected":false},"excerpt":{"rendered":"<p>Pese a las proyecciones optimistas de las autoridades a inicios de a\u00f1o, la actividad comercial en Santo Domingo no ha mostrado mayores avances durante los primeros seis meses de 2025. As\u00ed lo evidencian los registros de varios almacenes, donde el ingreso de mercanc\u00eda se ha mantenido dentro de los m\u00e1rgenes de los \u00faltimos dos a\u00f1os, [&hellip;]<\/p>\n","protected":false},"author":4,"featured_media":22111,"comment_status":"closed","ping_status":"closed","sticky":false,"template":"","format":"standard","meta":{"om_disable_all_campaigns":false,"_joinchat":[],"footnotes":""},"categories":[31],"tags":[],"class_list":["post-22110","post","type-post","status-publish","format-standard","has-post-thumbnail","hentry","category-la-region"],"_links":{"self":[{"href":"https:\/\/zaracaytv.com\/index.php?rest_route=\/wp\/v2\/posts\/22110","targetHints":{"allow":["GET"]}}],"collection":[{"href":"https:\/\/zaracaytv.com\/index.php?rest_route=\/wp\/v2\/posts"}],"about":[{"href":"https:\/\/zaracaytv.com\/index.php?rest_route=\/wp\/v2\/types\/post"}],"author":[{"embeddable":true,"href":"https:\/\/zaracaytv.com\/index.php?rest_route=\/wp\/v2\/users\/4"}],"replies":[{"embeddable":true,"href":"https:\/\/zaracaytv.com\/index.php?rest_route=%2Fwp%2Fv2%2Fcomments&post=22110"}],"version-history":[{"count":1,"href":"https:\/\/zaracaytv.com\/index.php?rest_route=\/wp\/v2\/posts\/22110\/revisions"}],"predecessor-version":[{"id":22112,"href":"https:\/\/zaracaytv.com\/index.php?rest_route=\/wp\/v2\/posts\/22110\/revisions\/22112"}],"wp:featuredmedia":[{"embeddable":true,"href":"https:\/\/zaracaytv.com\/index.php?rest_route=\/wp\/v2\/media\/22111"}],"wp:attachment":[{"href":"https:\/\/zaracaytv.com\/index.php?rest_route=%2Fwp%2Fv2%2Fmedia&parent=22110"}],"wp:term":[{"taxonomy":"category","embeddable":true,"href":"https:\/\/zaracaytv.com\/index.php?rest_route=%2Fwp%2Fv2%2Fcategories&post=22110"},{"taxonomy":"post_tag","embeddable":true,"href":"https:\/\/zaracaytv.com\/index.php?rest_route=%2Fwp%2Fv2%2Ftags&post=22110"}],"curies":[{"name":"wp","href":"https:\/\/api.w.org\/{rel}","templated":true}]}}