{"id":22105,"date":"2025-08-08T18:37:43","date_gmt":"2025-08-08T23:37:43","guid":{"rendered":"https:\/\/zaracaytv.com\/?p=22105"},"modified":"2025-08-08T18:37:43","modified_gmt":"2025-08-08T23:37:43","slug":"reducen-desnutricion-infantil-con-campanas-y-politicas-publicas","status":"publish","type":"post","link":"https:\/\/zaracaytv.com\/?p=22105","title":{"rendered":"REDUCEN DESNUTRICI\u00d3N INFANTIL CON CAMPA\u00d1AS Y POL\u00cdTICAS P\u00daBLICAS"},"content":{"rendered":"<body><p><\/p><span style=\"font-weight: 400;\"><img loading=\"lazy\" decoding=\"async\" class=\"size-medium wp-image-22113 alignleft\" src=\"https:\/\/zaracaytv.com\/wp-content\/uploads\/2025\/08\/dgtj-300x166.png\" alt=\"\" width=\"300\" height=\"166\" loading=\"lazy\" srcset=\"https:\/\/zaracaytv.com\/wp-content\/uploads\/2025\/08\/dgtj-300x166.png 300w, https:\/\/zaracaytv.com\/wp-content\/uploads\/2025\/08\/dgtj-1024x567.png 1024w, https:\/\/zaracaytv.com\/wp-content\/uploads\/2025\/08\/dgtj-768x425.png 768w, https:\/\/zaracaytv.com\/wp-content\/uploads\/2025\/08\/dgtj-570x315.png 570w, https:\/\/zaracaytv.com\/wp-content\/uploads\/2025\/08\/dgtj-270x149.png 270w, https:\/\/zaracaytv.com\/wp-content\/uploads\/2025\/08\/dgtj.png 1480w\" sizes=\"auto, (max-width: 300px) 100vw, 300px\" \/>Santo Domingo de los Ts\u00e1chilas se ha convertido en una de las provincias que ha logrado disminuir considerablemente la desnutrici\u00f3n cr\u00f3nica infantil. Seg\u00fan la Secretaria\u00a0 T\u00e9cnica de Ecuador Crece Sin Desnutrici\u00f3n Infantil, Mar\u00eca de Lourdes Mu\u00f1oz, en esta localidad el \u00edndice se ha reducido a un 12% cuando a nivel nacional baj\u00f3 del 20,1% a 19.3%. En Pastaza se registr\u00f3 el mayor \u00edndice de<\/span> desnutrici\u00f3n en ni\u00f1os.\n<p>La funcionaria indic\u00f3 que las campa\u00f1as de concientizaci\u00f3n que se han desplegado a nivel nacional y en especial en Santo Domingo han sido fundamentales para combatir la desnutrici\u00f3n. Tambi\u00e9n mencion\u00f3 que realizaron el lanzamiento de gu\u00edas b\u00e1sicas de sistemas alimentarios para dar a conocer a las familias de c\u00f3mo alimentarse de una manera correcta.<\/p>\n<p><span style=\"font-weight: 400;\">Constantemente las madres de familia se acercan a la direcci\u00f3n Distrital 23D01 del Ministerio de Inclusi\u00f3n Econ\u00f3mica y Social para conocer m\u00e1s sobre nutrici\u00f3n infantil, adem\u00e1s para ser beneficiarias del bono de los 1000 d\u00edas.\u00a0<\/span><\/p>\n<p><span style=\"font-weight: 400;\">Actualmente desde esta entidad se est\u00e1 desarrollando una campa\u00f1a sobre la semana de la lactancia materna con el objetivo de concientizar sobre la importancia de la leche materna exclusivamente en los 6 primeros meses del menor y de manera complementaria hasta los 2 a\u00f1os.\u00a0<\/span><\/p>\n<\/body>","protected":false},"excerpt":{"rendered":"<p>Santo Domingo de los Ts\u00e1chilas se ha convertido en una de las provincias que ha logrado disminuir considerablemente la desnutrici\u00f3n cr\u00f3nica infantil. Seg\u00fan la Secretaria\u00a0 T\u00e9cnica de Ecuador Crece Sin Desnutrici\u00f3n Infantil, Mar\u00eca de Lourdes Mu\u00f1oz, en esta localidad el \u00edndice se ha reducido a un 12% cuando a nivel nacional baj\u00f3 del 20,1% a [&hellip;]<\/p>\n","protected":false},"author":4,"featured_media":22113,"comment_status":"closed","ping_status":"closed","sticky":false,"template":"","format":"standard","meta":{"om_disable_all_campaigns":false,"_joinchat":[],"footnotes":""},"categories":[31],"tags":[],"class_list":["post-22105","post","type-post","status-publish","format-standard","has-post-thumbnail","hentry","category-la-region"],"_links":{"self":[{"href":"https:\/\/zaracaytv.com\/index.php?rest_route=\/wp\/v2\/posts\/22105","targetHints":{"allow":["GET"]}}],"collection":[{"href":"https:\/\/zaracaytv.com\/index.php?rest_route=\/wp\/v2\/posts"}],"about":[{"href":"https:\/\/zaracaytv.com\/index.php?rest_route=\/wp\/v2\/types\/post"}],"author":[{"embeddable":true,"href":"https:\/\/zaracaytv.com\/index.php?rest_route=\/wp\/v2\/users\/4"}],"replies":[{"embeddable":true,"href":"https:\/\/zaracaytv.com\/index.php?rest_route=%2Fwp%2Fv2%2Fcomments&post=22105"}],"version-history":[{"count":1,"href":"https:\/\/zaracaytv.com\/index.php?rest_route=\/wp\/v2\/posts\/22105\/revisions"}],"predecessor-version":[{"id":22114,"href":"https:\/\/zaracaytv.com\/index.php?rest_route=\/wp\/v2\/posts\/22105\/revisions\/22114"}],"wp:featuredmedia":[{"embeddable":true,"href":"https:\/\/zaracaytv.com\/index.php?rest_route=\/wp\/v2\/media\/22113"}],"wp:attachment":[{"href":"https:\/\/zaracaytv.com\/index.php?rest_route=%2Fwp%2Fv2%2Fmedia&parent=22105"}],"wp:term":[{"taxonomy":"category","embeddable":true,"href":"https:\/\/zaracaytv.com\/index.php?rest_route=%2Fwp%2Fv2%2Fcategories&post=22105"},{"taxonomy":"post_tag","embeddable":true,"href":"https:\/\/zaracaytv.com\/index.php?rest_route=%2Fwp%2Fv2%2Ftags&post=22105"}],"curies":[{"name":"wp","href":"https:\/\/api.w.org\/{rel}","templated":true}]}}