{"id":22098,"date":"2025-08-08T12:39:38","date_gmt":"2025-08-08T17:39:38","guid":{"rendered":"https:\/\/zaracaytv.com\/?p=22098"},"modified":"2025-08-08T12:39:38","modified_gmt":"2025-08-08T17:39:38","slug":"la-une-realizo-una-nueva-movilizacion-en-santo-domingo","status":"publish","type":"post","link":"https:\/\/zaracaytv.com\/?p=22098","title":{"rendered":"LA UNE REALIZ\u00d3 UNA NUEVA MOVILIZACI\u00d3N EN SANTO DOMINGO"},"content":{"rendered":"<body><p><\/p><span style=\"font-weight: 400;\"><img loading=\"lazy\" decoding=\"async\" class=\"size-medium wp-image-22099 alignright\" src=\"https:\/\/zaracaytv.com\/wp-content\/uploads\/2025\/08\/ryjtyu-300x178.png\" alt=\"\" width=\"300\" height=\"178\" loading=\"lazy\" srcset=\"https:\/\/zaracaytv.com\/wp-content\/uploads\/2025\/08\/ryjtyu-300x178.png 300w, https:\/\/zaracaytv.com\/wp-content\/uploads\/2025\/08\/ryjtyu-1024x607.png 1024w, https:\/\/zaracaytv.com\/wp-content\/uploads\/2025\/08\/ryjtyu-768x455.png 768w, https:\/\/zaracaytv.com\/wp-content\/uploads\/2025\/08\/ryjtyu-557x330.png 557w, https:\/\/zaracaytv.com\/wp-content\/uploads\/2025\/08\/ryjtyu-270x160.png 270w, https:\/\/zaracaytv.com\/wp-content\/uploads\/2025\/08\/ryjtyu.png 1511w\" sizes=\"auto, (max-width: 300px) 100vw, 300px\" \/>La Uni\u00f3n Nacional de Educadores (UNE) encabez\u00f3 una movilizaci\u00f3n en Santo Domingo para rechazar la cr\u00edtica situaci\u00f3n que atraviesa el pa\u00eds en sectores clave como salud p\u00fablica, educaci\u00f3n, trabajo y seguridad. La concentraci\u00f3n se realiz\u00f3 frente a la Gobernaci\u00f3n y reuni\u00f3 a distintos actores sociales que, seg\u00fan Milton Bustillos, dirigente de Unidad Popular, salieron a exigir el respeto a los derechos del pueblo.<\/span>\n<p><span style=\"font-weight: 400;\">A la jornada de protesta se sumaron los pacientes de la dializadora Socihemod, quienes exigieron el pago de m\u00e1s de 10 millones de d\u00f3lares que les adeudan el Instituto Ecuatoriano de Seguridad Social (IESS), el Seguro Campesino y el Ministerio de Salud P\u00fablica (MSP). Jenny Acosta, vocera de los dializados, inform\u00f3 que hasta el 15 de agosto los derivados del MSP ser\u00e1n atendidos, pero despu\u00e9s podr\u00edan quedar sin tratamiento por la falta de recursos.<\/span><\/p>\n<p><span style=\"font-weight: 400;\">El sector educativo tambi\u00e9n mostr\u00f3 su descontento. M\u00e9lida Paucar, presidenta provincial de la UNE, expres\u00f3 su indignaci\u00f3n por el despido de al menos seis docentes en Santo Domingo de los Ts\u00e1chilas, quienes forman parte de los 5.000 desvinculados a nivel nacional en semanas recientes.<\/span><\/p>\n<p><span style=\"font-weight: 400;\">Los participantes aseguraron que esta fue una movilizaci\u00f3n nacional y que no ser\u00e1 la \u00faltima. Anunciaron que continuar\u00e1n organizando protestas hasta que el Gobierno atienda sus demandas.<\/span><\/p>\n<\/body>","protected":false},"excerpt":{"rendered":"<p>La Uni\u00f3n Nacional de Educadores (UNE) encabez\u00f3 una movilizaci\u00f3n en Santo Domingo para rechazar la cr\u00edtica situaci\u00f3n que atraviesa el pa\u00eds en sectores clave como salud p\u00fablica, educaci\u00f3n, trabajo y seguridad. La concentraci\u00f3n se realiz\u00f3 frente a la Gobernaci\u00f3n y reuni\u00f3 a distintos actores sociales que, seg\u00fan Milton Bustillos, dirigente de Unidad Popular, salieron a [&hellip;]<\/p>\n","protected":false},"author":4,"featured_media":22099,"comment_status":"closed","ping_status":"closed","sticky":false,"template":"","format":"standard","meta":{"om_disable_all_campaigns":false,"_joinchat":[],"footnotes":""},"categories":[31],"tags":[],"class_list":["post-22098","post","type-post","status-publish","format-standard","has-post-thumbnail","hentry","category-la-region"],"_links":{"self":[{"href":"https:\/\/zaracaytv.com\/index.php?rest_route=\/wp\/v2\/posts\/22098","targetHints":{"allow":["GET"]}}],"collection":[{"href":"https:\/\/zaracaytv.com\/index.php?rest_route=\/wp\/v2\/posts"}],"about":[{"href":"https:\/\/zaracaytv.com\/index.php?rest_route=\/wp\/v2\/types\/post"}],"author":[{"embeddable":true,"href":"https:\/\/zaracaytv.com\/index.php?rest_route=\/wp\/v2\/users\/4"}],"replies":[{"embeddable":true,"href":"https:\/\/zaracaytv.com\/index.php?rest_route=%2Fwp%2Fv2%2Fcomments&post=22098"}],"version-history":[{"count":1,"href":"https:\/\/zaracaytv.com\/index.php?rest_route=\/wp\/v2\/posts\/22098\/revisions"}],"predecessor-version":[{"id":22100,"href":"https:\/\/zaracaytv.com\/index.php?rest_route=\/wp\/v2\/posts\/22098\/revisions\/22100"}],"wp:featuredmedia":[{"embeddable":true,"href":"https:\/\/zaracaytv.com\/index.php?rest_route=\/wp\/v2\/media\/22099"}],"wp:attachment":[{"href":"https:\/\/zaracaytv.com\/index.php?rest_route=%2Fwp%2Fv2%2Fmedia&parent=22098"}],"wp:term":[{"taxonomy":"category","embeddable":true,"href":"https:\/\/zaracaytv.com\/index.php?rest_route=%2Fwp%2Fv2%2Fcategories&post=22098"},{"taxonomy":"post_tag","embeddable":true,"href":"https:\/\/zaracaytv.com\/index.php?rest_route=%2Fwp%2Fv2%2Ftags&post=22098"}],"curies":[{"name":"wp","href":"https:\/\/api.w.org\/{rel}","templated":true}]}}