{"id":22084,"date":"2025-08-08T09:43:24","date_gmt":"2025-08-08T14:43:24","guid":{"rendered":"https:\/\/zaracaytv.com\/?p=22084"},"modified":"2025-08-08T09:43:24","modified_gmt":"2025-08-08T14:43:24","slug":"autoridades-piden-respetar-la-ley-para-evitar-multas-con-camaras","status":"publish","type":"post","link":"https:\/\/zaracaytv.com\/?p=22084","title":{"rendered":"AUTORIDADES PIDEN RESPETAR LA LEY PARA EVITAR MULTAS CON C\u00c1MARAS"},"content":{"rendered":"<body><p><\/p><span style=\"font-weight: 400;\"><img loading=\"lazy\" decoding=\"async\" class=\"size-medium wp-image-22085 alignleft\" src=\"https:\/\/zaracaytv.com\/wp-content\/uploads\/2025\/08\/ghyu-300x168.png\" alt=\"\" width=\"300\" height=\"168\" loading=\"lazy\" srcset=\"https:\/\/zaracaytv.com\/wp-content\/uploads\/2025\/08\/ghyu-300x168.png 300w, https:\/\/zaracaytv.com\/wp-content\/uploads\/2025\/08\/ghyu-1024x575.png 1024w, https:\/\/zaracaytv.com\/wp-content\/uploads\/2025\/08\/ghyu-768x431.png 768w, https:\/\/zaracaytv.com\/wp-content\/uploads\/2025\/08\/ghyu-1536x862.png 1536w, https:\/\/zaracaytv.com\/wp-content\/uploads\/2025\/08\/ghyu-570x320.png 570w, https:\/\/zaracaytv.com\/wp-content\/uploads\/2025\/08\/ghyu-270x152.png 270w, https:\/\/zaracaytv.com\/wp-content\/uploads\/2025\/08\/ghyu.png 1582w\" sizes=\"auto, (max-width: 300px) 100vw, 300px\" \/>Desde el 25 de julio de este a\u00f1o, los conductores que circulan por Santo Domingo enfrentan un nuevo sistema de control vial: las sanciones emitidas desde un centro de monitoreo a trav\u00e9s de c\u00e1maras de vigilancia. Esta medida, aplicada por la Empresa P\u00fablica Municipal de Transporte, ha generado inquietud entre los choferes, quienes temen ser multados por cometer infracciones registradas en los 40 puntos estrat\u00e9gicos donde est\u00e1n instalados los dispositivos.<\/span>\n<p><span style=\"font-weight: 400;\">Una de las intersecciones donde ya se observa un cambio es la avenida De los Ts\u00e1chilas y 29 de Mayo. All\u00ed, la v\u00eda antes colapsada por veh\u00edculos estacionados, pese a que existe una advertencia de no parquear, ahora se muestra despejada. Los taxistas que est\u00e1n al d\u00eda con las normativas, expresaron su punto de vista sobre la iniciativa.\u00a0<\/span><\/p>\n<p><span style=\"font-weight: 400;\">Desde la Empresa de Transporte se aclar\u00f3 que el objetivo no es recaudar dinero a trav\u00e9s de multas, sino garantizar una ciudad m\u00e1s ordenada ante el constante aumento del parque automotor.<img loading=\"lazy\" decoding=\"async\" class=\"size-medium wp-image-22086 alignright\" src=\"https:\/\/zaracaytv.com\/wp-content\/uploads\/2025\/08\/hfku-300x169.png\" alt=\"\" width=\"300\" height=\"169\" loading=\"lazy\" srcset=\"https:\/\/zaracaytv.com\/wp-content\/uploads\/2025\/08\/hfku-300x169.png 300w, https:\/\/zaracaytv.com\/wp-content\/uploads\/2025\/08\/hfku-1024x576.png 1024w, https:\/\/zaracaytv.com\/wp-content\/uploads\/2025\/08\/hfku-768x432.png 768w, https:\/\/zaracaytv.com\/wp-content\/uploads\/2025\/08\/hfku-1536x864.png 1536w, https:\/\/zaracaytv.com\/wp-content\/uploads\/2025\/08\/hfku-570x321.png 570w, https:\/\/zaracaytv.com\/wp-content\/uploads\/2025\/08\/hfku-270x152.png 270w, https:\/\/zaracaytv.com\/wp-content\/uploads\/2025\/08\/hfku.png 1594w\" sizes=\"auto, (max-width: 300px) 100vw, 300px\" \/><\/span><\/p>\n<p><span style=\"font-weight: 400;\">Adem\u00e1s del control con c\u00e1maras, se han ampliado los espacios de parqueo en las denominadas zonas azules, con 2.000 plazas para veh\u00edculos y 900 para motocicletas. La tarifa se mantiene en 40 centavos para autos y 25 centavos para motos la fracci\u00f3n hora. La recomendaci\u00f3n principal para evitar sanciones es cumplir la Ley de Tr\u00e1nsito y estacionar en lugares permitidos.<\/span><\/p>\n<\/body>","protected":false},"excerpt":{"rendered":"<p>Desde el 25 de julio de este a\u00f1o, los conductores que circulan por Santo Domingo enfrentan un nuevo sistema de control vial: las sanciones emitidas desde un centro de monitoreo a trav\u00e9s de c\u00e1maras de vigilancia. Esta medida, aplicada por la Empresa P\u00fablica Municipal de Transporte, ha generado inquietud entre los choferes, quienes temen ser [&hellip;]<\/p>\n","protected":false},"author":4,"featured_media":22085,"comment_status":"closed","ping_status":"closed","sticky":false,"template":"","format":"standard","meta":{"om_disable_all_campaigns":false,"_joinchat":[],"footnotes":""},"categories":[31],"tags":[],"class_list":["post-22084","post","type-post","status-publish","format-standard","has-post-thumbnail","hentry","category-la-region"],"_links":{"self":[{"href":"https:\/\/zaracaytv.com\/index.php?rest_route=\/wp\/v2\/posts\/22084","targetHints":{"allow":["GET"]}}],"collection":[{"href":"https:\/\/zaracaytv.com\/index.php?rest_route=\/wp\/v2\/posts"}],"about":[{"href":"https:\/\/zaracaytv.com\/index.php?rest_route=\/wp\/v2\/types\/post"}],"author":[{"embeddable":true,"href":"https:\/\/zaracaytv.com\/index.php?rest_route=\/wp\/v2\/users\/4"}],"replies":[{"embeddable":true,"href":"https:\/\/zaracaytv.com\/index.php?rest_route=%2Fwp%2Fv2%2Fcomments&post=22084"}],"version-history":[{"count":1,"href":"https:\/\/zaracaytv.com\/index.php?rest_route=\/wp\/v2\/posts\/22084\/revisions"}],"predecessor-version":[{"id":22087,"href":"https:\/\/zaracaytv.com\/index.php?rest_route=\/wp\/v2\/posts\/22084\/revisions\/22087"}],"wp:featuredmedia":[{"embeddable":true,"href":"https:\/\/zaracaytv.com\/index.php?rest_route=\/wp\/v2\/media\/22085"}],"wp:attachment":[{"href":"https:\/\/zaracaytv.com\/index.php?rest_route=%2Fwp%2Fv2%2Fmedia&parent=22084"}],"wp:term":[{"taxonomy":"category","embeddable":true,"href":"https:\/\/zaracaytv.com\/index.php?rest_route=%2Fwp%2Fv2%2Fcategories&post=22084"},{"taxonomy":"post_tag","embeddable":true,"href":"https:\/\/zaracaytv.com\/index.php?rest_route=%2Fwp%2Fv2%2Ftags&post=22084"}],"curies":[{"name":"wp","href":"https:\/\/api.w.org\/{rel}","templated":true}]}}