{"id":22080,"date":"2025-08-08T09:27:18","date_gmt":"2025-08-08T14:27:18","guid":{"rendered":"https:\/\/zaracaytv.com\/?p=22080"},"modified":"2025-08-08T09:27:18","modified_gmt":"2025-08-08T14:27:18","slug":"transportistas-exigen-seguridad-en-rutas-como-la-via-quevedo","status":"publish","type":"post","link":"https:\/\/zaracaytv.com\/?p=22080","title":{"rendered":"TRANSPORTISTAS EXIGEN SEGURIDAD EN RUTAS COMO LA V\u00cdA QUEVEDO"},"content":{"rendered":"<body><p><\/p>Conducir como camionero por las v\u00edas del pa\u00eds se ha vuelto un trabajo de alto riesgo para los transportistas de carga pesada. Len\u00edn Lozada, quien se dedica a esta actividad, relat\u00f3 c\u00f3mo fue asaltado en la v\u00eda Santo Domingo \u2013 Quevedo \u2013 Balzar \u2013 Palestina, una de las rutas m\u00e1s inseguras del pa\u00eds, seg\u00fan el gremio. Se\u00f1al\u00f3 que despu\u00e9s de haber sido abordado por los delincuentes fue arrojado a la deriva en el lugar, lo amenazaron de muerte si se iba del sitio. Con impotencia recuerda esta terrible experiencia.\n<p>Casos como este si<img loading=\"lazy\" decoding=\"async\" class=\"size-medium wp-image-22081 alignleft\" src=\"https:\/\/zaracaytv.com\/wp-content\/uploads\/2025\/08\/rtyi-300x169.png\" alt=\"\" width=\"300\" height=\"169\" loading=\"lazy\" srcset=\"https:\/\/zaracaytv.com\/wp-content\/uploads\/2025\/08\/rtyi-300x169.png 300w, https:\/\/zaracaytv.com\/wp-content\/uploads\/2025\/08\/rtyi-1024x578.png 1024w, https:\/\/zaracaytv.com\/wp-content\/uploads\/2025\/08\/rtyi-768x433.png 768w, https:\/\/zaracaytv.com\/wp-content\/uploads\/2025\/08\/rtyi-1536x867.png 1536w, https:\/\/zaracaytv.com\/wp-content\/uploads\/2025\/08\/rtyi-570x322.png 570w, https:\/\/zaracaytv.com\/wp-content\/uploads\/2025\/08\/rtyi-270x152.png 270w, https:\/\/zaracaytv.com\/wp-content\/uploads\/2025\/08\/rtyi.png 1611w\" sizes=\"auto, (max-width: 300px) 100vw, 300px\" \/>guen evidenciando la falta de un plan concreto de seguridad, expres\u00f3 Darwin Le\u00f3n, quien mencion\u00f3 que tambi\u00e9n sufri\u00f3 de un intento de robo cuando se trasladaba en su cami\u00f3n. Los antisociales dispararon varias veces atentando contra su vida, por ello cuestion\u00f3 el trabajo realizado por las autoridades.<\/p>\n<p>Seg\u00fan la polic\u00eda, en Santo Domingo de los Ts\u00e1chilas los actos delictivos han reducido en las v\u00edas, tras el trabajo en conjunto con varios departamentos de seguridad, explic\u00f3 Henry Acosta, Jefe de Operaciones de la Polic\u00eda, quien se\u00f1al\u00f3 que los operativos son constantes en los 5 ejes de la provincia. <img loading=\"lazy\" decoding=\"async\" class=\"size-medium wp-image-22082 alignright\" src=\"https:\/\/zaracaytv.com\/wp-content\/uploads\/2025\/08\/uto-300x167.png\" alt=\"\" width=\"300\" height=\"167\" loading=\"lazy\" srcset=\"https:\/\/zaracaytv.com\/wp-content\/uploads\/2025\/08\/uto-300x167.png 300w, https:\/\/zaracaytv.com\/wp-content\/uploads\/2025\/08\/uto-1024x570.png 1024w, https:\/\/zaracaytv.com\/wp-content\/uploads\/2025\/08\/uto-768x427.png 768w, https:\/\/zaracaytv.com\/wp-content\/uploads\/2025\/08\/uto-1536x855.png 1536w, https:\/\/zaracaytv.com\/wp-content\/uploads\/2025\/08\/uto-570x317.png 570w, https:\/\/zaracaytv.com\/wp-content\/uploads\/2025\/08\/uto-270x150.png 270w, https:\/\/zaracaytv.com\/wp-content\/uploads\/2025\/08\/uto.png 1603w\" sizes=\"auto, (max-width: 300px) 100vw, 300px\" \/><\/p>\n<p>Sin embargo, Ram\u00f3n Vera, representante de la C\u00e1mara Provincial de Trasporte Pasado, subray\u00f3 que si bien se ha percibido una reducci\u00f3n en la delincuencia en la provincia, la inseguridad sigue latente, por lo cual considera que se deben mejorar las acciones frente a este problema. Se\u00f1al\u00f3 que la venta de autopartes se ha vuelto uno de los delitos m\u00e1s comunes a los que est\u00e1n expuestos.<\/p>\n<p>Desde la C\u00e1mara Provincial de Transporte Pesado mencionaron que en los pr\u00f3ximos d\u00edas se realizar\u00e1 una rueda de prensa donde se abordar\u00e1 esta problem\u00e1tica, pues la situaci\u00f3n est\u00e1 afectando dr\u00e1sticamente a este sector comercial del pa\u00eds.<\/p>\n<\/body>","protected":false},"excerpt":{"rendered":"<p>Conducir como camionero por las v\u00edas del pa\u00eds se ha vuelto un trabajo de alto riesgo para los transportistas de carga pesada. Len\u00edn Lozada, quien se dedica a esta actividad, relat\u00f3 c\u00f3mo fue asaltado en la v\u00eda Santo Domingo \u2013 Quevedo \u2013 Balzar \u2013 Palestina, una de las rutas m\u00e1s inseguras del pa\u00eds, seg\u00fan el [&hellip;]<\/p>\n","protected":false},"author":4,"featured_media":22081,"comment_status":"closed","ping_status":"closed","sticky":false,"template":"","format":"standard","meta":{"om_disable_all_campaigns":false,"_joinchat":[],"footnotes":""},"categories":[31],"tags":[],"class_list":["post-22080","post","type-post","status-publish","format-standard","has-post-thumbnail","hentry","category-la-region"],"_links":{"self":[{"href":"https:\/\/zaracaytv.com\/index.php?rest_route=\/wp\/v2\/posts\/22080","targetHints":{"allow":["GET"]}}],"collection":[{"href":"https:\/\/zaracaytv.com\/index.php?rest_route=\/wp\/v2\/posts"}],"about":[{"href":"https:\/\/zaracaytv.com\/index.php?rest_route=\/wp\/v2\/types\/post"}],"author":[{"embeddable":true,"href":"https:\/\/zaracaytv.com\/index.php?rest_route=\/wp\/v2\/users\/4"}],"replies":[{"embeddable":true,"href":"https:\/\/zaracaytv.com\/index.php?rest_route=%2Fwp%2Fv2%2Fcomments&post=22080"}],"version-history":[{"count":1,"href":"https:\/\/zaracaytv.com\/index.php?rest_route=\/wp\/v2\/posts\/22080\/revisions"}],"predecessor-version":[{"id":22083,"href":"https:\/\/zaracaytv.com\/index.php?rest_route=\/wp\/v2\/posts\/22080\/revisions\/22083"}],"wp:featuredmedia":[{"embeddable":true,"href":"https:\/\/zaracaytv.com\/index.php?rest_route=\/wp\/v2\/media\/22081"}],"wp:attachment":[{"href":"https:\/\/zaracaytv.com\/index.php?rest_route=%2Fwp%2Fv2%2Fmedia&parent=22080"}],"wp:term":[{"taxonomy":"category","embeddable":true,"href":"https:\/\/zaracaytv.com\/index.php?rest_route=%2Fwp%2Fv2%2Fcategories&post=22080"},{"taxonomy":"post_tag","embeddable":true,"href":"https:\/\/zaracaytv.com\/index.php?rest_route=%2Fwp%2Fv2%2Ftags&post=22080"}],"curies":[{"name":"wp","href":"https:\/\/api.w.org\/{rel}","templated":true}]}}