{"id":21677,"date":"2025-07-21T11:51:07","date_gmt":"2025-07-21T16:51:07","guid":{"rendered":"https:\/\/zaracaytv.com\/?p=21677"},"modified":"2025-07-21T11:51:40","modified_gmt":"2025-07-21T16:51:40","slug":"barcelona-con-una-baja-y-tres-jugadores-tocados-para-recibir-a-liga-de-quito-por-la-ligapro","status":"publish","type":"post","link":"https:\/\/zaracaytv.com\/?p=21677","title":{"rendered":"BARCELONA CON UNA BAJA Y TRES JUGADORES TOCADOS PARA RECIBIR A LIGA DE QUITO POR LA LIGAPRO"},"content":{"rendered":"<body><p><\/p>\n<p data-start=\"68\" data-end=\"420\"><img loading=\"lazy\" decoding=\"async\" class=\"size-medium wp-image-21678 alignleft\" src=\"https:\/\/zaracaytv.com\/wp-content\/uploads\/2025\/07\/dS1Scn4zL_1290x760__1-300x177.jpg\" alt=\"\" width=\"300\" height=\"177\" loading=\"lazy\" srcset=\"https:\/\/zaracaytv.com\/wp-content\/uploads\/2025\/07\/dS1Scn4zL_1290x760__1-300x177.jpg 300w, https:\/\/zaracaytv.com\/wp-content\/uploads\/2025\/07\/dS1Scn4zL_1290x760__1-1024x603.jpg 1024w, https:\/\/zaracaytv.com\/wp-content\/uploads\/2025\/07\/dS1Scn4zL_1290x760__1-768x452.jpg 768w, https:\/\/zaracaytv.com\/wp-content\/uploads\/2025\/07\/dS1Scn4zL_1290x760__1-560x330.jpg 560w, https:\/\/zaracaytv.com\/wp-content\/uploads\/2025\/07\/dS1Scn4zL_1290x760__1-270x159.jpg 270w, https:\/\/zaracaytv.com\/wp-content\/uploads\/2025\/07\/dS1Scn4zL_1290x760__1.jpg 1290w\" sizes=\"auto, (max-width: 300px) 100vw, 300px\" \/>Luego de obtener su primer triunfo bajo el mando de Ismael Rescalvo frente a Delf\u00edn, Barcelona SC ya piensa en su siguiente desaf\u00edo: enfrentar a Liga de Quito este jueves a las 19:00 en el estadio Monumental. El compromiso ser\u00e1 determinante en la lucha por el segundo lugar de la tabla y para no perder m\u00e1s terreno frente a Independiente del Valle.<\/p>\n<p data-start=\"422\" data-end=\"706\">El equipo volvi\u00f3 a los entrenamientos este lunes, aunque con algunas novedades m\u00e9dicas. Byron Castillo, Bryan Carabal\u00ed y Dixon Arroyo terminaron con molestias f\u00edsicas tras el duelo ante Delf\u00edn y realizaron trabajos diferenciados. Afortunadamente, ninguno presenta lesiones graves.<\/p>\n<p data-start=\"708\" data-end=\"1203\">Sin embargo, la principal preocupaci\u00f3n para el cuerpo t\u00e9cnico es la baja de Gast\u00f3n Campi, autor del gol del triunfo el pasado fin de semana. El defensor argentino deber\u00e1 cumplir una fecha de suspensi\u00f3n por acumulaci\u00f3n de tarjetas amarillas, tras haber sido amonestado al minuto 77. Campi se ha consolidado como una pieza clave en la zaga torera, por lo que su ausencia ante Liga ser\u00e1 sensible. Para cubrir su lugar, Rescalvo deber\u00e1 decidir entre Gustavo Vallecilla o Franklin Guerra.<\/p>\n<p data-start=\"1205\" data-end=\"1321\" data-is-last-node=\"\" data-is-only-node=\"\">Barcelona buscar\u00e1 mantener el impulso positivo y sumar tres puntos vitales ante un rival directo como Liga de Quito.<\/p>\n<p><\/p>\n<\/body>","protected":false},"excerpt":{"rendered":"<p>Luego de obtener su primer triunfo bajo el mando de Ismael Rescalvo frente a Delf\u00edn, Barcelona SC ya piensa en su siguiente desaf\u00edo: enfrentar a Liga de Quito este jueves a las 19:00 en el estadio Monumental. El compromiso ser\u00e1 determinante en la lucha por el segundo lugar de la tabla y para no perder [&hellip;]<\/p>\n","protected":false},"author":4,"featured_media":21678,"comment_status":"closed","ping_status":"closed","sticky":false,"template":"","format":"standard","meta":{"om_disable_all_campaigns":false,"_joinchat":[],"footnotes":""},"categories":[32],"tags":[],"class_list":["post-21677","post","type-post","status-publish","format-standard","has-post-thumbnail","hentry","category-deportes"],"_links":{"self":[{"href":"https:\/\/zaracaytv.com\/index.php?rest_route=\/wp\/v2\/posts\/21677","targetHints":{"allow":["GET"]}}],"collection":[{"href":"https:\/\/zaracaytv.com\/index.php?rest_route=\/wp\/v2\/posts"}],"about":[{"href":"https:\/\/zaracaytv.com\/index.php?rest_route=\/wp\/v2\/types\/post"}],"author":[{"embeddable":true,"href":"https:\/\/zaracaytv.com\/index.php?rest_route=\/wp\/v2\/users\/4"}],"replies":[{"embeddable":true,"href":"https:\/\/zaracaytv.com\/index.php?rest_route=%2Fwp%2Fv2%2Fcomments&post=21677"}],"version-history":[{"count":1,"href":"https:\/\/zaracaytv.com\/index.php?rest_route=\/wp\/v2\/posts\/21677\/revisions"}],"predecessor-version":[{"id":21679,"href":"https:\/\/zaracaytv.com\/index.php?rest_route=\/wp\/v2\/posts\/21677\/revisions\/21679"}],"wp:featuredmedia":[{"embeddable":true,"href":"https:\/\/zaracaytv.com\/index.php?rest_route=\/wp\/v2\/media\/21678"}],"wp:attachment":[{"href":"https:\/\/zaracaytv.com\/index.php?rest_route=%2Fwp%2Fv2%2Fmedia&parent=21677"}],"wp:term":[{"taxonomy":"category","embeddable":true,"href":"https:\/\/zaracaytv.com\/index.php?rest_route=%2Fwp%2Fv2%2Fcategories&post=21677"},{"taxonomy":"post_tag","embeddable":true,"href":"https:\/\/zaracaytv.com\/index.php?rest_route=%2Fwp%2Fv2%2Ftags&post=21677"}],"curies":[{"name":"wp","href":"https:\/\/api.w.org\/{rel}","templated":true}]}}