{"id":21673,"date":"2025-07-21T11:43:15","date_gmt":"2025-07-21T16:43:15","guid":{"rendered":"https:\/\/zaracaytv.com\/?p=21673"},"modified":"2025-07-21T17:20:30","modified_gmt":"2025-07-21T22:20:30","slug":"pedernales-se-prepara-para-el-mes-del-turismo-con-varias-actividades","status":"publish","type":"post","link":"https:\/\/zaracaytv.com\/?p=21673","title":{"rendered":"PEDERNALES SE PREPARA PARA EL MES DEL TURISMO CON VARIAS ACTIVIDADES"},"content":{"rendered":"<body><p><\/p><span style=\"font-weight: 400;\"><img loading=\"lazy\" decoding=\"async\" class=\"size-medium wp-image-21674 alignleft\" src=\"https:\/\/zaracaytv.com\/wp-content\/uploads\/2025\/07\/hj-300x162.png\" alt=\"\" width=\"300\" height=\"162\" loading=\"lazy\" srcset=\"https:\/\/zaracaytv.com\/wp-content\/uploads\/2025\/07\/hj-300x162.png 300w, https:\/\/zaracaytv.com\/wp-content\/uploads\/2025\/07\/hj-1024x553.png 1024w, https:\/\/zaracaytv.com\/wp-content\/uploads\/2025\/07\/hj-768x415.png 768w, https:\/\/zaracaytv.com\/wp-content\/uploads\/2025\/07\/hj-570x308.png 570w, https:\/\/zaracaytv.com\/wp-content\/uploads\/2025\/07\/hj-270x146.png 270w, https:\/\/zaracaytv.com\/wp-content\/uploads\/2025\/07\/hj.png 1493w\" sizes=\"auto, (max-width: 300px) 100vw, 300px\" \/>Por el mes del turismo, en\u00a0 el cant\u00f3n Pedernales se han preparado para recibir a los turistas de todo el pa\u00eds y el mundo. El sector hotelero tiene buenas proyecciones y han invertido en infraestructura para brindar un excelente servicio, as\u00ed tambi\u00e9n los lugares tur\u00edsticos tienen listo sus instalaciones para los alojamientos. La gerenta del hotel Punta Azul, Oti Vera, se\u00f1al\u00f3 que esperan recibir alta afluencia de visitantes.\u00a0<\/span>\n<p><span style=\"font-weight: 400;\">Est\u00e1 localidad de la provincia de Manab\u00ed tiene una agenda que busca dinamizar el turismo local y promover la riqueza gastron\u00f3mica, cultural y natural. Adem\u00e1s de contar con la playa m\u00e1s larga del pa\u00eds, aseguran que cuentan con todas las medidas para recibir a todos los turistas. Hacen una invitaci\u00f3n a los ecuatorianos a disfrutar de los atractivos. <img loading=\"lazy\" decoding=\"async\" class=\"size-medium wp-image-21675 alignright\" src=\"https:\/\/zaracaytv.com\/wp-content\/uploads\/2025\/07\/jo-1-300x170.png\" alt=\"\" width=\"300\" height=\"170\" loading=\"lazy\" srcset=\"https:\/\/zaracaytv.com\/wp-content\/uploads\/2025\/07\/jo-1-300x170.png 300w, https:\/\/zaracaytv.com\/wp-content\/uploads\/2025\/07\/jo-1-1024x580.png 1024w, https:\/\/zaracaytv.com\/wp-content\/uploads\/2025\/07\/jo-1-768x435.png 768w, https:\/\/zaracaytv.com\/wp-content\/uploads\/2025\/07\/jo-1-570x323.png 570w, https:\/\/zaracaytv.com\/wp-content\/uploads\/2025\/07\/jo-1-270x153.png 270w, https:\/\/zaracaytv.com\/wp-content\/uploads\/2025\/07\/jo-1.png 1535w\" sizes=\"auto, (max-width: 300px) 100vw, 300px\" \/><\/span><\/p>\n<p><span style=\"font-weight: 400;\">Uno de los eventos m\u00e1s esperados es el Festival Gastron\u00f3mico y de Pesca Deportiva en la comunidad de Pueblo Nuevo, el festival de la corvina y del camar\u00f3n. La agenda incluye m\u00e1s de 15 eventos destacados y gran parte de ellos tambi\u00e9n se ejecutar\u00e1n en la zona rural.<\/span><\/p>\n<p><span style=\"font-weight: 400;\">Los eventos programados para los meses de julio, agosto, septiembre y octubre, se enfocan en festivales gastron\u00f3micos, ferias agroproductivas, encuentros culturales y actividades deportivas que pondr\u00e1n en valor a las comunidades rurales y costeras del cant\u00f3n. Los turistas disfrutar\u00e1n la rica saz\u00f3n que es el principal atractivo de este punto de la provincia de Manab\u00ed.\u00a0<\/span><\/p>\n<p><iframe title=\"LA REGI\u00d3N -  PEDERNALES SE ALISTA CON ACTIVIDADES POR EL MES DEL TURISMO\" width=\"800\" height=\"450\" src=\"https:\/\/www.youtube.com\/embed\/MAklLJpb5PI?feature=oembed\" frameborder=\"0\" allow=\"accelerometer; autoplay; clipboard-write; encrypted-media; gyroscope; picture-in-picture; web-share\" referrerpolicy=\"strict-origin-when-cross-origin\" allowfullscreen><\/iframe><\/p>\n<p>\u00a0<\/p>\n<\/body>","protected":false},"excerpt":{"rendered":"<p>Por el mes del turismo, en\u00a0 el cant\u00f3n Pedernales se han preparado para recibir a los turistas de todo el pa\u00eds y el mundo. El sector hotelero tiene buenas proyecciones y han invertido en infraestructura para brindar un excelente servicio, as\u00ed tambi\u00e9n los lugares tur\u00edsticos tienen listo sus instalaciones para los alojamientos. La gerenta del [&hellip;]<\/p>\n","protected":false},"author":4,"featured_media":21675,"comment_status":"closed","ping_status":"closed","sticky":false,"template":"","format":"standard","meta":{"om_disable_all_campaigns":false,"_joinchat":[],"footnotes":""},"categories":[31],"tags":[],"class_list":["post-21673","post","type-post","status-publish","format-standard","has-post-thumbnail","hentry","category-la-region"],"_links":{"self":[{"href":"https:\/\/zaracaytv.com\/index.php?rest_route=\/wp\/v2\/posts\/21673","targetHints":{"allow":["GET"]}}],"collection":[{"href":"https:\/\/zaracaytv.com\/index.php?rest_route=\/wp\/v2\/posts"}],"about":[{"href":"https:\/\/zaracaytv.com\/index.php?rest_route=\/wp\/v2\/types\/post"}],"author":[{"embeddable":true,"href":"https:\/\/zaracaytv.com\/index.php?rest_route=\/wp\/v2\/users\/4"}],"replies":[{"embeddable":true,"href":"https:\/\/zaracaytv.com\/index.php?rest_route=%2Fwp%2Fv2%2Fcomments&post=21673"}],"version-history":[{"count":3,"href":"https:\/\/zaracaytv.com\/index.php?rest_route=\/wp\/v2\/posts\/21673\/revisions"}],"predecessor-version":[{"id":21700,"href":"https:\/\/zaracaytv.com\/index.php?rest_route=\/wp\/v2\/posts\/21673\/revisions\/21700"}],"wp:featuredmedia":[{"embeddable":true,"href":"https:\/\/zaracaytv.com\/index.php?rest_route=\/wp\/v2\/media\/21675"}],"wp:attachment":[{"href":"https:\/\/zaracaytv.com\/index.php?rest_route=%2Fwp%2Fv2%2Fmedia&parent=21673"}],"wp:term":[{"taxonomy":"category","embeddable":true,"href":"https:\/\/zaracaytv.com\/index.php?rest_route=%2Fwp%2Fv2%2Fcategories&post=21673"},{"taxonomy":"post_tag","embeddable":true,"href":"https:\/\/zaracaytv.com\/index.php?rest_route=%2Fwp%2Fv2%2Ftags&post=21673"}],"curies":[{"name":"wp","href":"https:\/\/api.w.org\/{rel}","templated":true}]}}