{"id":21668,"date":"2025-07-21T10:30:35","date_gmt":"2025-07-21T15:30:35","guid":{"rendered":"https:\/\/zaracaytv.com\/?p=21668"},"modified":"2025-07-21T17:11:41","modified_gmt":"2025-07-21T22:11:41","slug":"en-pedernales-se-ejecutan-varias-obras-para-su-desarrollo","status":"publish","type":"post","link":"https:\/\/zaracaytv.com\/?p=21668","title":{"rendered":"EN PEDERNALES SE EJECUTAN VARIAS OBRAS PARA SU DESARROLLO"},"content":{"rendered":"<body><p><\/p><span style=\"font-weight: 400;\"><img loading=\"lazy\" decoding=\"async\" class=\"size-medium wp-image-21669 alignleft\" src=\"https:\/\/zaracaytv.com\/wp-content\/uploads\/2025\/07\/yu-300x170.png\" alt=\"\" width=\"300\" height=\"170\" loading=\"lazy\" srcset=\"https:\/\/zaracaytv.com\/wp-content\/uploads\/2025\/07\/yu-300x170.png 300w, https:\/\/zaracaytv.com\/wp-content\/uploads\/2025\/07\/yu-1024x582.png 1024w, https:\/\/zaracaytv.com\/wp-content\/uploads\/2025\/07\/yu-768x436.png 768w, https:\/\/zaracaytv.com\/wp-content\/uploads\/2025\/07\/yu-1536x873.png 1536w, https:\/\/zaracaytv.com\/wp-content\/uploads\/2025\/07\/yu-570x324.png 570w, https:\/\/zaracaytv.com\/wp-content\/uploads\/2025\/07\/yu-270x153.png 270w, https:\/\/zaracaytv.com\/wp-content\/uploads\/2025\/07\/yu.png 1591w\" sizes=\"auto, (max-width: 300px) 100vw, 300px\" \/>El trabajo que se desarrolla en el cant\u00f3n Pedernales est\u00e1 enfocado en varios ejes importantes que buscan cambiar la din\u00e1mica econ\u00f3mica y tur\u00edstica. Para mejorar la movilidad, la alcald\u00eda de esta ciudad est\u00e1 implementando sistemas inform\u00e1ticos integrales, esto incluye principalmente reforzar las redes semaf\u00f3ricas en varios puntos de la urbe. Adem\u00e1s, tienen el proyecto de\u00a0 instalar c\u00e1maras inteligentes. Seg\u00fan el alcalde,\u00a0 Manuel Panezo, buscan convertir a\u00a0 Pedernales uno de los lugares m\u00e1s seguros de la provincia de Manab\u00ed.<\/span>\n<p><span style=\"font-weight: 400;\">La reconstrucci\u00f3n del malec\u00f3n, primera y segunda etapa, es la obra emblem\u00e1tica de la administraci\u00f3n. Tiene una inversi\u00f3n de 2 millones 375 mil d\u00f3lares. Los trabajos avanzan en un\u00a0 12%, seg\u00fan las planillas presentadas, y se centran en la protecci\u00f3n del muro; que consiste en la colocaci\u00f3n de pedrapl\u00e9n, material filtrando y el muro de contenci\u00f3n. Este proyecto empez\u00f3 el 23 de abril de este a\u00f1o y tiene un plazo de 16 meses, es decir, estar\u00eda terminando en agosto de 2026. <img loading=\"lazy\" decoding=\"async\" class=\"size-medium wp-image-21670 alignright\" src=\"https:\/\/zaracaytv.com\/wp-content\/uploads\/2025\/07\/Captura-300x170.png\" alt=\"\" width=\"300\" height=\"170\" loading=\"lazy\" srcset=\"https:\/\/zaracaytv.com\/wp-content\/uploads\/2025\/07\/Captura-300x170.png 300w, https:\/\/zaracaytv.com\/wp-content\/uploads\/2025\/07\/Captura-1024x580.png 1024w, https:\/\/zaracaytv.com\/wp-content\/uploads\/2025\/07\/Captura-768x435.png 768w, https:\/\/zaracaytv.com\/wp-content\/uploads\/2025\/07\/Captura-1536x870.png 1536w, https:\/\/zaracaytv.com\/wp-content\/uploads\/2025\/07\/Captura-570x323.png 570w, https:\/\/zaracaytv.com\/wp-content\/uploads\/2025\/07\/Captura-270x153.png 270w, https:\/\/zaracaytv.com\/wp-content\/uploads\/2025\/07\/Captura.png 1551w\" sizes=\"auto, (max-width: 300px) 100vw, 300px\" \/><\/span><\/p>\n<p><span style=\"font-weight: 400;\">Pedernales tiene la playa m\u00e1s larga de Ecuador y es la m\u00e1s cercana a la sierra ecuatoriana. A este lugar tur\u00edstico llegan de todas partes. Los visitantes creen que resolver el problema del alcantarillado, que aqueja a propios a extra\u00f1os,\u00a0 ayudar\u00e1 a atraer m\u00e1s turistas<\/span><\/p>\n<p><span style=\"font-weight: 400;\">El alcalde Panezo sobre este tema mencion\u00f3 que est\u00e1n enfocados en impulsar el financiamiento para la rehabilitaci\u00f3n del sistema de alcantarillado sanitario de la ciudad, que presenta da\u00f1o<img loading=\"lazy\" decoding=\"async\" class=\"size-medium wp-image-21671 alignleft\" src=\"https:\/\/zaracaytv.com\/wp-content\/uploads\/2025\/07\/hjk-300x170.png\" alt=\"\" width=\"300\" height=\"170\" loading=\"lazy\" srcset=\"https:\/\/zaracaytv.com\/wp-content\/uploads\/2025\/07\/hjk-300x170.png 300w, https:\/\/zaracaytv.com\/wp-content\/uploads\/2025\/07\/hjk-1024x580.png 1024w, https:\/\/zaracaytv.com\/wp-content\/uploads\/2025\/07\/hjk-768x435.png 768w, https:\/\/zaracaytv.com\/wp-content\/uploads\/2025\/07\/hjk-1536x870.png 1536w, https:\/\/zaracaytv.com\/wp-content\/uploads\/2025\/07\/hjk-570x323.png 570w, https:\/\/zaracaytv.com\/wp-content\/uploads\/2025\/07\/hjk-270x153.png 270w, https:\/\/zaracaytv.com\/wp-content\/uploads\/2025\/07\/hjk.png 1557w\" sizes=\"auto, (max-width: 300px) 100vw, 300px\" \/>s en un 90%. Es de 4 fases y se necesitan $52 millones, mencion\u00f3 el burgomaestre, lo que les ha significado un verdadero reto, al ser este un problema heredado de otras administraciones. El financiamiento es a trav\u00e9s del Ministerio de Finanzas.\u00a0<\/span><\/p>\n<p><span style=\"font-weight: 400;\">Con estos cambios proyectan ser una referencia tur\u00edstica de la regi\u00f3n. La m\u00e1xima autoridad del cant\u00f3n tambi\u00e9n tiene planificado construir m\u00e1s cubiertas en 16 comunidades, as\u00ed como nuevas calles adoquinadas en todo el territorio mejorando la calidad de vida los pedernalenses.\u00a0<\/span><\/p>\n<p>\u00a0<\/p>\n<p>\u00a0<\/p>\n<p><iframe title=\"LA REGI\u00d3N - PEDERNALES EJECUTA OBRAS CLAVE COMO MALEC\u00d3N Y ALCANTARILLADO SANITARIO\" width=\"800\" height=\"450\" src=\"https:\/\/www.youtube.com\/embed\/6kaQ_vZuPf0?feature=oembed\" frameborder=\"0\" allow=\"accelerometer; autoplay; clipboard-write; encrypted-media; gyroscope; picture-in-picture; web-share\" referrerpolicy=\"strict-origin-when-cross-origin\" allowfullscreen><\/iframe><\/p>\n<\/body>","protected":false},"excerpt":{"rendered":"<p>El trabajo que se desarrolla en el cant\u00f3n Pedernales est\u00e1 enfocado en varios ejes importantes que buscan cambiar la din\u00e1mica econ\u00f3mica y tur\u00edstica. Para mejorar la movilidad, la alcald\u00eda de esta ciudad est\u00e1 implementando sistemas inform\u00e1ticos integrales, esto incluye principalmente reforzar las redes semaf\u00f3ricas en varios puntos de la urbe. Adem\u00e1s, tienen el proyecto de\u00a0 [&hellip;]<\/p>\n","protected":false},"author":4,"featured_media":21669,"comment_status":"closed","ping_status":"closed","sticky":false,"template":"","format":"standard","meta":{"om_disable_all_campaigns":false,"_joinchat":[],"footnotes":""},"categories":[31],"tags":[],"class_list":["post-21668","post","type-post","status-publish","format-standard","has-post-thumbnail","hentry","category-la-region"],"_links":{"self":[{"href":"https:\/\/zaracaytv.com\/index.php?rest_route=\/wp\/v2\/posts\/21668","targetHints":{"allow":["GET"]}}],"collection":[{"href":"https:\/\/zaracaytv.com\/index.php?rest_route=\/wp\/v2\/posts"}],"about":[{"href":"https:\/\/zaracaytv.com\/index.php?rest_route=\/wp\/v2\/types\/post"}],"author":[{"embeddable":true,"href":"https:\/\/zaracaytv.com\/index.php?rest_route=\/wp\/v2\/users\/4"}],"replies":[{"embeddable":true,"href":"https:\/\/zaracaytv.com\/index.php?rest_route=%2Fwp%2Fv2%2Fcomments&post=21668"}],"version-history":[{"count":3,"href":"https:\/\/zaracaytv.com\/index.php?rest_route=\/wp\/v2\/posts\/21668\/revisions"}],"predecessor-version":[{"id":21694,"href":"https:\/\/zaracaytv.com\/index.php?rest_route=\/wp\/v2\/posts\/21668\/revisions\/21694"}],"wp:featuredmedia":[{"embeddable":true,"href":"https:\/\/zaracaytv.com\/index.php?rest_route=\/wp\/v2\/media\/21669"}],"wp:attachment":[{"href":"https:\/\/zaracaytv.com\/index.php?rest_route=%2Fwp%2Fv2%2Fmedia&parent=21668"}],"wp:term":[{"taxonomy":"category","embeddable":true,"href":"https:\/\/zaracaytv.com\/index.php?rest_route=%2Fwp%2Fv2%2Fcategories&post=21668"},{"taxonomy":"post_tag","embeddable":true,"href":"https:\/\/zaracaytv.com\/index.php?rest_route=%2Fwp%2Fv2%2Ftags&post=21668"}],"curies":[{"name":"wp","href":"https:\/\/api.w.org\/{rel}","templated":true}]}}