{"id":21660,"date":"2025-07-20T10:00:49","date_gmt":"2025-07-20T15:00:49","guid":{"rendered":"https:\/\/zaracaytv.com\/?p=21660"},"modified":"2025-07-18T18:24:21","modified_gmt":"2025-07-18T23:24:21","slug":"un-persona-fue-asesinada-y-otras-tres-resultaron-heridas-en-la-cristo-vive","status":"publish","type":"post","link":"https:\/\/zaracaytv.com\/?p=21660","title":{"rendered":"UN PERSONA FUE ASESINADA Y OTRAS TRES RESULTARON HERIDAS EN LA CRISTO VIVE"},"content":{"rendered":"<body><p><\/p><img loading=\"lazy\" decoding=\"async\" class=\"size-medium wp-image-21661 alignleft\" src=\"https:\/\/zaracaytv.com\/wp-content\/uploads\/2025\/07\/gjhk-300x168.png\" alt=\"\" width=\"300\" height=\"168\" loading=\"lazy\" srcset=\"https:\/\/zaracaytv.com\/wp-content\/uploads\/2025\/07\/gjhk-300x168.png 300w, https:\/\/zaracaytv.com\/wp-content\/uploads\/2025\/07\/gjhk-1024x575.png 1024w, https:\/\/zaracaytv.com\/wp-content\/uploads\/2025\/07\/gjhk-768x431.png 768w, https:\/\/zaracaytv.com\/wp-content\/uploads\/2025\/07\/gjhk-570x320.png 570w, https:\/\/zaracaytv.com\/wp-content\/uploads\/2025\/07\/gjhk-270x152.png 270w, https:\/\/zaracaytv.com\/wp-content\/uploads\/2025\/07\/gjhk.png 1063w\" sizes=\"auto, (max-width: 300px) 100vw, 300px\" \/>Una persona de 21 a\u00f1os de edad fue asesinada y tres resultaron heridas en un ataque armado ocurrido este 17 julio en el sector de la Cristo Vive. Las v\u00edctimas, al parecer, pertenecen a un banda delictiva, en nuevo caso de disputa de territorio manifest\u00f3 Beatriz Benavides, comandante de la Subzona Santo Domingo de los Ts\u00e1chilas.\n<p>La coronel mencion\u00f3 que en el mes de julio se han presentado 10 muertes violentas, una de ellas es una v\u00edctima colateral de uno de los casos, mientras que las restantes ser\u00edan por delincuencia criminal, donde los 9 occisos tendr\u00edan antecedentes penales. <img loading=\"lazy\" decoding=\"async\" class=\"size-medium wp-image-21662 alignright\" src=\"https:\/\/zaracaytv.com\/wp-content\/uploads\/2025\/07\/hjkn-300x175.png\" alt=\"\" width=\"300\" height=\"175\" loading=\"lazy\" srcset=\"https:\/\/zaracaytv.com\/wp-content\/uploads\/2025\/07\/hjkn-300x175.png 300w, https:\/\/zaracaytv.com\/wp-content\/uploads\/2025\/07\/hjkn-1024x599.png 1024w, https:\/\/zaracaytv.com\/wp-content\/uploads\/2025\/07\/hjkn-768x449.png 768w, https:\/\/zaracaytv.com\/wp-content\/uploads\/2025\/07\/hjkn-564x330.png 564w, https:\/\/zaracaytv.com\/wp-content\/uploads\/2025\/07\/hjkn-270x158.png 270w, https:\/\/zaracaytv.com\/wp-content\/uploads\/2025\/07\/hjkn.png 1183w\" sizes=\"auto, (max-width: 300px) 100vw, 300px\" \/><\/p>\n<p>La oficial tambi\u00e9n se refiri\u00f3 al incremento de robos de veh\u00edculos en Santo Domingo, donde se han reportado 253 casos en lo que va del a\u00f1o. En los \u00faltimos meses los delincuentes han tenido inclinaci\u00f3n por hurtar camionetas Mazda.<\/p>\n<p>Las autoridades tambi\u00e9n se han visto preocupadas por el uso de menores de edad en actos delictivos. Seg\u00fan las pistas, muchos de los j\u00f3venes son reclutados en los exteriores de los planteles por bandas delictivas. Es por esto que se est\u00e1n generando estrategias para solventar esta problem\u00e1tica.<\/p>\n<\/body>","protected":false},"excerpt":{"rendered":"<p>Una persona de 21 a\u00f1os de edad fue asesinada y tres resultaron heridas en un ataque armado ocurrido este 17 julio en el sector de la Cristo Vive. Las v\u00edctimas, al parecer, pertenecen a un banda delictiva, en nuevo caso de disputa de territorio manifest\u00f3 Beatriz Benavides, comandante de la Subzona Santo Domingo de los [&hellip;]<\/p>\n","protected":false},"author":4,"featured_media":21662,"comment_status":"closed","ping_status":"closed","sticky":false,"template":"","format":"standard","meta":{"om_disable_all_campaigns":false,"_joinchat":[],"footnotes":""},"categories":[48],"tags":[],"class_list":["post-21660","post","type-post","status-publish","format-standard","has-post-thumbnail","hentry","category-cronica-roja"],"_links":{"self":[{"href":"https:\/\/zaracaytv.com\/index.php?rest_route=\/wp\/v2\/posts\/21660","targetHints":{"allow":["GET"]}}],"collection":[{"href":"https:\/\/zaracaytv.com\/index.php?rest_route=\/wp\/v2\/posts"}],"about":[{"href":"https:\/\/zaracaytv.com\/index.php?rest_route=\/wp\/v2\/types\/post"}],"author":[{"embeddable":true,"href":"https:\/\/zaracaytv.com\/index.php?rest_route=\/wp\/v2\/users\/4"}],"replies":[{"embeddable":true,"href":"https:\/\/zaracaytv.com\/index.php?rest_route=%2Fwp%2Fv2%2Fcomments&post=21660"}],"version-history":[{"count":2,"href":"https:\/\/zaracaytv.com\/index.php?rest_route=\/wp\/v2\/posts\/21660\/revisions"}],"predecessor-version":[{"id":21664,"href":"https:\/\/zaracaytv.com\/index.php?rest_route=\/wp\/v2\/posts\/21660\/revisions\/21664"}],"wp:featuredmedia":[{"embeddable":true,"href":"https:\/\/zaracaytv.com\/index.php?rest_route=\/wp\/v2\/media\/21662"}],"wp:attachment":[{"href":"https:\/\/zaracaytv.com\/index.php?rest_route=%2Fwp%2Fv2%2Fmedia&parent=21660"}],"wp:term":[{"taxonomy":"category","embeddable":true,"href":"https:\/\/zaracaytv.com\/index.php?rest_route=%2Fwp%2Fv2%2Fcategories&post=21660"},{"taxonomy":"post_tag","embeddable":true,"href":"https:\/\/zaracaytv.com\/index.php?rest_route=%2Fwp%2Fv2%2Ftags&post=21660"}],"curies":[{"name":"wp","href":"https:\/\/api.w.org\/{rel}","templated":true}]}}