{"id":21656,"date":"2025-07-19T10:00:17","date_gmt":"2025-07-19T15:00:17","guid":{"rendered":"https:\/\/zaracaytv.com\/?p=21656"},"modified":"2025-07-18T18:21:46","modified_gmt":"2025-07-18T23:21:46","slug":"se-inauguro-la-planta-de-tratamiento-de-aguas-residuales-de-santo-domingo","status":"publish","type":"post","link":"https:\/\/zaracaytv.com\/?p=21656","title":{"rendered":"SE INAUGUR\u00d3 LA PLANTA DE TRATAMIENTO DE AGUAS RESIDUALES DE SANTO DOMINGO"},"content":{"rendered":"<body><p><\/p><span style=\"font-weight: 400;\"><img loading=\"lazy\" decoding=\"async\" class=\"size-medium wp-image-21657 alignleft\" src=\"https:\/\/zaracaytv.com\/wp-content\/uploads\/2025\/07\/WhatsApp-Image-2025-07-18-at-15.28.52-1-300x168.jpeg\" alt=\"\" width=\"300\" height=\"168\" loading=\"lazy\" srcset=\"https:\/\/zaracaytv.com\/wp-content\/uploads\/2025\/07\/WhatsApp-Image-2025-07-18-at-15.28.52-1-300x168.jpeg 300w, https:\/\/zaracaytv.com\/wp-content\/uploads\/2025\/07\/WhatsApp-Image-2025-07-18-at-15.28.52-1-1024x574.jpeg 1024w, https:\/\/zaracaytv.com\/wp-content\/uploads\/2025\/07\/WhatsApp-Image-2025-07-18-at-15.28.52-1-768x431.jpeg 768w, https:\/\/zaracaytv.com\/wp-content\/uploads\/2025\/07\/WhatsApp-Image-2025-07-18-at-15.28.52-1-1536x861.jpeg 1536w, https:\/\/zaracaytv.com\/wp-content\/uploads\/2025\/07\/WhatsApp-Image-2025-07-18-at-15.28.52-1-2048x1148.jpeg 2048w, https:\/\/zaracaytv.com\/wp-content\/uploads\/2025\/07\/WhatsApp-Image-2025-07-18-at-15.28.52-1-570x320.jpeg 570w, https:\/\/zaracaytv.com\/wp-content\/uploads\/2025\/07\/WhatsApp-Image-2025-07-18-at-15.28.52-1-270x151.jpeg 270w\" sizes=\"auto, (max-width: 300px) 100vw, 300px\" \/>Con la inauguraci\u00f3n oficial de la Planta de Tratamiento de Aguas Residuales (PTAR), Santo Domingo marc\u00f3 un paso trascendental en materia de saneamiento ambiental. La obra, considerada emblem\u00e1tica por su impacto ecol\u00f3gico y social, fue presentada por el alcalde Wilson Erazo, quien la calific\u00f3 como un \u201chito hist\u00f3rico para el desarrollo del cant\u00f3n\u201d.<\/span>\n<p><span style=\"font-weight: 400;\">Este ambicioso proyecto, cuya planificaci\u00f3n se remonta al a\u00f1o 2005, necesit\u00f3 casi 20 a\u00f1os para concretarse. La PTAR forma parte del primer cr\u00e9dito de 67 millones de d\u00f3lares que fue firmado en 2017 con Eximbank de Corea del Sur, entidad que adem\u00e1s mostr\u00f3 su inter\u00e9s en continuar apoyando iniciativas similares en la ciudad.\u00a0<\/span><\/p>\n<p><span style=\"font-weight: 400;\">La planta tiene una capacidad total de procesamiento de hasta 20 mil metros c\u00fabicos de aguas residuales al d\u00eda, aunque actualmente opera con aproximadamente 5 mil metros c\u00fabicos, recolectados principalmente de los r\u00edos Pove y Code. Esta primera etapa es considerada un avance significativo, aunque a\u00fan est\u00e1n pendientes otras fases del proyecto. <img loading=\"lazy\" decoding=\"async\" class=\"size-medium wp-image-21658 alignright\" src=\"https:\/\/zaracaytv.com\/wp-content\/uploads\/2025\/07\/WhatsApp-Image-2025-07-18-at-15.28.52-300x200.jpeg\" alt=\"\" width=\"300\" height=\"200\" loading=\"lazy\" srcset=\"https:\/\/zaracaytv.com\/wp-content\/uploads\/2025\/07\/WhatsApp-Image-2025-07-18-at-15.28.52-300x200.jpeg 300w, https:\/\/zaracaytv.com\/wp-content\/uploads\/2025\/07\/WhatsApp-Image-2025-07-18-at-15.28.52-1024x683.jpeg 1024w, https:\/\/zaracaytv.com\/wp-content\/uploads\/2025\/07\/WhatsApp-Image-2025-07-18-at-15.28.52-768x512.jpeg 768w, https:\/\/zaracaytv.com\/wp-content\/uploads\/2025\/07\/WhatsApp-Image-2025-07-18-at-15.28.52-1536x1024.jpeg 1536w, https:\/\/zaracaytv.com\/wp-content\/uploads\/2025\/07\/WhatsApp-Image-2025-07-18-at-15.28.52-2048x1365.jpeg 2048w, https:\/\/zaracaytv.com\/wp-content\/uploads\/2025\/07\/WhatsApp-Image-2025-07-18-at-15.28.52-495x330.jpeg 495w, https:\/\/zaracaytv.com\/wp-content\/uploads\/2025\/07\/WhatsApp-Image-2025-07-18-at-15.28.52-270x180.jpeg 270w\" sizes=\"auto, (max-width: 300px) 100vw, 300px\" \/><\/span><\/p>\n<p><span style=\"font-weight: 400;\">En el contexto nacional, Santo Domingo se suma a las pocas ciudades que han avanzado en el tratamiento de aguas servidas. Cuenca lidera con un sistema completo y eficiente, mientras que Loja ha alcanzado un tratamiento parcial considerable. Quito, en contraste, sigue rezagada, siendo la \u00fanica capital latinoamericana que a\u00fan no ha resuelto este problema. La PTAR de Santo Domingo se convierte as\u00ed en una infraestructura moderna y eficiente, proyectada para proteger nuestros r\u00edos, cuidar nuestra salud y devolverle al planeta un poco de lo mucho que nos da.\u00a0<\/span><\/p>\n<\/body>","protected":false},"excerpt":{"rendered":"<p>Con la inauguraci\u00f3n oficial de la Planta de Tratamiento de Aguas Residuales (PTAR), Santo Domingo marc\u00f3 un paso trascendental en materia de saneamiento ambiental. La obra, considerada emblem\u00e1tica por su impacto ecol\u00f3gico y social, fue presentada por el alcalde Wilson Erazo, quien la calific\u00f3 como un \u201chito hist\u00f3rico para el desarrollo del cant\u00f3n\u201d. Este ambicioso [&hellip;]<\/p>\n","protected":false},"author":4,"featured_media":21657,"comment_status":"closed","ping_status":"closed","sticky":false,"template":"","format":"standard","meta":{"om_disable_all_campaigns":false,"_joinchat":[],"footnotes":""},"categories":[31],"tags":[],"class_list":["post-21656","post","type-post","status-publish","format-standard","has-post-thumbnail","hentry","category-la-region"],"_links":{"self":[{"href":"https:\/\/zaracaytv.com\/index.php?rest_route=\/wp\/v2\/posts\/21656","targetHints":{"allow":["GET"]}}],"collection":[{"href":"https:\/\/zaracaytv.com\/index.php?rest_route=\/wp\/v2\/posts"}],"about":[{"href":"https:\/\/zaracaytv.com\/index.php?rest_route=\/wp\/v2\/types\/post"}],"author":[{"embeddable":true,"href":"https:\/\/zaracaytv.com\/index.php?rest_route=\/wp\/v2\/users\/4"}],"replies":[{"embeddable":true,"href":"https:\/\/zaracaytv.com\/index.php?rest_route=%2Fwp%2Fv2%2Fcomments&post=21656"}],"version-history":[{"count":1,"href":"https:\/\/zaracaytv.com\/index.php?rest_route=\/wp\/v2\/posts\/21656\/revisions"}],"predecessor-version":[{"id":21659,"href":"https:\/\/zaracaytv.com\/index.php?rest_route=\/wp\/v2\/posts\/21656\/revisions\/21659"}],"wp:featuredmedia":[{"embeddable":true,"href":"https:\/\/zaracaytv.com\/index.php?rest_route=\/wp\/v2\/media\/21657"}],"wp:attachment":[{"href":"https:\/\/zaracaytv.com\/index.php?rest_route=%2Fwp%2Fv2%2Fmedia&parent=21656"}],"wp:term":[{"taxonomy":"category","embeddable":true,"href":"https:\/\/zaracaytv.com\/index.php?rest_route=%2Fwp%2Fv2%2Fcategories&post=21656"},{"taxonomy":"post_tag","embeddable":true,"href":"https:\/\/zaracaytv.com\/index.php?rest_route=%2Fwp%2Fv2%2Ftags&post=21656"}],"curies":[{"name":"wp","href":"https:\/\/api.w.org\/{rel}","templated":true}]}}