{"id":21274,"date":"2025-07-04T17:14:15","date_gmt":"2025-07-04T22:14:15","guid":{"rendered":"https:\/\/zaracaytv.com\/?p=21274"},"modified":"2025-07-03T17:38:12","modified_gmt":"2025-07-03T22:38:12","slug":"solicitan-que-se-reparen-las-tapas-de-revision-en-la-avenida-quito","status":"publish","type":"post","link":"https:\/\/zaracaytv.com\/?p=21274","title":{"rendered":"SOLICITAN QUE SE REPAREN LAS TAPAS DE REVISI\u00d3N EN LA AVENIDA QUITO"},"content":{"rendered":"<body><p><\/p><img loading=\"lazy\" decoding=\"async\" class=\"size-medium wp-image-21275 alignleft\" src=\"https:\/\/zaracaytv.com\/wp-content\/uploads\/2025\/07\/BNHKHJ-300x154.png\" alt=\"\" width=\"300\" height=\"154\" loading=\"lazy\" srcset=\"https:\/\/zaracaytv.com\/wp-content\/uploads\/2025\/07\/BNHKHJ-300x154.png 300w, https:\/\/zaracaytv.com\/wp-content\/uploads\/2025\/07\/BNHKHJ-1024x525.png 1024w, https:\/\/zaracaytv.com\/wp-content\/uploads\/2025\/07\/BNHKHJ-768x394.png 768w, https:\/\/zaracaytv.com\/wp-content\/uploads\/2025\/07\/BNHKHJ-570x292.png 570w, https:\/\/zaracaytv.com\/wp-content\/uploads\/2025\/07\/BNHKHJ-270x138.png 270w, https:\/\/zaracaytv.com\/wp-content\/uploads\/2025\/07\/BNHKHJ-850x438.png 850w, https:\/\/zaracaytv.com\/wp-content\/uploads\/2025\/07\/BNHKHJ.png 1178w\" sizes=\"auto, (max-width: 300px) 100vw, 300px\" \/>A trav\u00e9s de las redes sociales, los ciudadanos que transitan la avenida Quito, a la altura de la Bruselas, reportaron el da\u00f1o de unas tapas de cajas de revisi\u00f3n del soterrado que hay en esta arteria vial. La opini\u00f3n p\u00fablica se centra en que estas fallas se debieron corregir para evitar inconvenientes con los turistas que disfrutan de las actividades programadas en esta zona.\n<p>Los ciclistas tambi\u00e9n mencionaron que se exponen al peligro al circular por estos lugares que presentan estas problem\u00e1ticas.<img loading=\"lazy\" decoding=\"async\" class=\"size-medium wp-image-21276 alignright\" src=\"https:\/\/zaracaytv.com\/wp-content\/uploads\/2025\/07\/FYJ0%C2%BF-300x196.png\" alt=\"\" width=\"300\" height=\"196\" loading=\"lazy\"><\/p>\n<p>Desde la Unidad de Negocio de CNEL EP en Santo Domingo se indic\u00f3 que en varias ocasiones se han registrado estos inconvenientes con estas tapas de cajas de revisi\u00f3n del soterrado en esta v\u00eda, en las que se han hecho las reparaciones. Se asegur\u00f3 que van nuevamente a realizar las gestiones para los arreglos con las entidades que tienen injerencias como la Corporaci\u00f3n Nacional de Telecomunicaciones (CNT), y la municipalidad. Los ciudadanos exigen intervenci\u00f3n ya que aseguran est\u00e1n al d\u00eda con sus obligaciones.<\/p>\n<p>En este sector se registra una alta circulaci\u00f3n de veh\u00edculos por lo que se recomienda movilizarse respetando las normas de tr\u00e1nsito y no exceder los l\u00edmites de velocidad permitidos.<\/p>\n<\/body>","protected":false},"excerpt":{"rendered":"<p>A trav\u00e9s de las redes sociales, los ciudadanos que transitan la avenida Quito, a la altura de la Bruselas, reportaron el da\u00f1o de unas tapas de cajas de revisi\u00f3n del soterrado que hay en esta arteria vial. La opini\u00f3n p\u00fablica se centra en que estas fallas se debieron corregir para evitar inconvenientes con los turistas [&hellip;]<\/p>\n","protected":false},"author":4,"featured_media":21276,"comment_status":"closed","ping_status":"closed","sticky":false,"template":"","format":"standard","meta":{"om_disable_all_campaigns":false,"_joinchat":[],"footnotes":""},"categories":[25],"tags":[],"class_list":["post-21274","post","type-post","status-publish","format-standard","has-post-thumbnail","hentry","category-la-comunidad"],"_links":{"self":[{"href":"https:\/\/zaracaytv.com\/index.php?rest_route=\/wp\/v2\/posts\/21274","targetHints":{"allow":["GET"]}}],"collection":[{"href":"https:\/\/zaracaytv.com\/index.php?rest_route=\/wp\/v2\/posts"}],"about":[{"href":"https:\/\/zaracaytv.com\/index.php?rest_route=\/wp\/v2\/types\/post"}],"author":[{"embeddable":true,"href":"https:\/\/zaracaytv.com\/index.php?rest_route=\/wp\/v2\/users\/4"}],"replies":[{"embeddable":true,"href":"https:\/\/zaracaytv.com\/index.php?rest_route=%2Fwp%2Fv2%2Fcomments&post=21274"}],"version-history":[{"count":1,"href":"https:\/\/zaracaytv.com\/index.php?rest_route=\/wp\/v2\/posts\/21274\/revisions"}],"predecessor-version":[{"id":21277,"href":"https:\/\/zaracaytv.com\/index.php?rest_route=\/wp\/v2\/posts\/21274\/revisions\/21277"}],"wp:featuredmedia":[{"embeddable":true,"href":"https:\/\/zaracaytv.com\/index.php?rest_route=\/wp\/v2\/media\/21276"}],"wp:attachment":[{"href":"https:\/\/zaracaytv.com\/index.php?rest_route=%2Fwp%2Fv2%2Fmedia&parent=21274"}],"wp:term":[{"taxonomy":"category","embeddable":true,"href":"https:\/\/zaracaytv.com\/index.php?rest_route=%2Fwp%2Fv2%2Fcategories&post=21274"},{"taxonomy":"post_tag","embeddable":true,"href":"https:\/\/zaracaytv.com\/index.php?rest_route=%2Fwp%2Fv2%2Ftags&post=21274"}],"curies":[{"name":"wp","href":"https:\/\/api.w.org\/{rel}","templated":true}]}}