{"id":21269,"date":"2025-07-03T17:14:14","date_gmt":"2025-07-03T22:14:14","guid":{"rendered":"https:\/\/zaracaytv.com\/?p=21269"},"modified":"2025-07-03T17:14:14","modified_gmt":"2025-07-03T22:14:14","slug":"bandas-ritmicas-se-robaron-el-show-durante-el-desfile","status":"publish","type":"post","link":"https:\/\/zaracaytv.com\/?p=21269","title":{"rendered":"BANDAS R\u00cdTMICAS SE ROBARON EL SHOW DURANTE EL DESFILE"},"content":{"rendered":"<body><p><\/p><img loading=\"lazy\" decoding=\"async\" class=\"size-medium wp-image-21270 alignleft\" src=\"https:\/\/zaracaytv.com\/wp-content\/uploads\/2025\/07\/U76I68-300x166.png\" alt=\"\" width=\"300\" height=\"166\" loading=\"lazy\" srcset=\"https:\/\/zaracaytv.com\/wp-content\/uploads\/2025\/07\/U76I68-300x166.png 300w, https:\/\/zaracaytv.com\/wp-content\/uploads\/2025\/07\/U76I68-1024x567.png 1024w, https:\/\/zaracaytv.com\/wp-content\/uploads\/2025\/07\/U76I68-768x425.png 768w, https:\/\/zaracaytv.com\/wp-content\/uploads\/2025\/07\/U76I68-1536x850.png 1536w, https:\/\/zaracaytv.com\/wp-content\/uploads\/2025\/07\/U76I68-570x315.png 570w, https:\/\/zaracaytv.com\/wp-content\/uploads\/2025\/07\/U76I68-270x149.png 270w, https:\/\/zaracaytv.com\/wp-content\/uploads\/2025\/07\/U76I68.png 1623w\" sizes=\"auto, (max-width: 300px) 100vw, 300px\" \/>Las bandas r\u00edtmicas de las unidades educativas de Santo Domingo alegraron el desfile c\u00edvico por los 58 a\u00f1os de cantonizaci\u00f3n de la tierra colorada. El mismo se desarroll\u00f3 a lo largo de la avenida Ts\u00e1chila. Con gran \u00edmpetu y siguiendo el ritmo de la m\u00fasica, los estudiantes hicieron disfrutar a los presentes poniendo en alto el nombre de sus instituciones y en especial mostrando todo su talento. Ellos enviaron un mensaje a los santodomingue\u00f1os por sus fiestas.\n<p>Alrededor de 50 agrupaciones entre unidades educativas, instituciones privadas y entidades p\u00fablicas participaron en el desfile. Los docentes tambi\u00e9n aprovecharon el momento para felicitar a Santo Domingo por sus fiestas.\u00a0 <img loading=\"lazy\" decoding=\"async\" class=\"size-medium wp-image-21271 alignright\" src=\"https:\/\/zaracaytv.com\/wp-content\/uploads\/2025\/07\/67IUY-300x171.png\" alt=\"\" width=\"300\" height=\"171\" loading=\"lazy\" srcset=\"https:\/\/zaracaytv.com\/wp-content\/uploads\/2025\/07\/67IUY-300x171.png 300w, https:\/\/zaracaytv.com\/wp-content\/uploads\/2025\/07\/67IUY-1024x583.png 1024w, https:\/\/zaracaytv.com\/wp-content\/uploads\/2025\/07\/67IUY-768x437.png 768w, https:\/\/zaracaytv.com\/wp-content\/uploads\/2025\/07\/67IUY-1536x874.png 1536w, https:\/\/zaracaytv.com\/wp-content\/uploads\/2025\/07\/67IUY-570x324.png 570w, https:\/\/zaracaytv.com\/wp-content\/uploads\/2025\/07\/67IUY-270x154.png 270w, https:\/\/zaracaytv.com\/wp-content\/uploads\/2025\/07\/67IUY.png 1622w\" sizes=\"auto, (max-width: 300px) 100vw, 300px\" \/><\/p>\n<p>Los espectadores apoyaron a las agrupaciones con aplausos, c\u00e1nticos, bailes y gritos de alegr\u00eda al ver pasar a las escuadras, pues en muchas de estas estaban familiares, amigos, vecinos, incluso parejas participando del evento. Momentos de algarab\u00eda se vivieron durante la ma\u00f1ana de este 3 de Julio.<\/p>\n<p><img loading=\"lazy\" decoding=\"async\" class=\"size-medium wp-image-21272 alignleft\" src=\"https:\/\/zaracaytv.com\/wp-content\/uploads\/2025\/07\/K%C2%B4-300x188.png\" alt=\"\" width=\"300\" height=\"188\" loading=\"lazy\">Los ciudadanos ayudaron a mantener el orden permaneciendo en sus lugares designados y disfrutando del paso de las comparsas. Las autoridades del cant\u00f3n y la provincia observaron el desfile desde la tribuna, donde resalt\u00f3 en especial la belleza de la reina y virreina de Santo Domingo.<\/p>\n<\/body>","protected":false},"excerpt":{"rendered":"<p>Las bandas r\u00edtmicas de las unidades educativas de Santo Domingo alegraron el desfile c\u00edvico por los 58 a\u00f1os de cantonizaci\u00f3n de la tierra colorada. El mismo se desarroll\u00f3 a lo largo de la avenida Ts\u00e1chila. Con gran \u00edmpetu y siguiendo el ritmo de la m\u00fasica, los estudiantes hicieron disfrutar a los presentes poniendo en alto [&hellip;]<\/p>\n","protected":false},"author":4,"featured_media":21270,"comment_status":"closed","ping_status":"closed","sticky":false,"template":"","format":"standard","meta":{"om_disable_all_campaigns":false,"_joinchat":[],"footnotes":""},"categories":[31],"tags":[],"class_list":["post-21269","post","type-post","status-publish","format-standard","has-post-thumbnail","hentry","category-la-region"],"_links":{"self":[{"href":"https:\/\/zaracaytv.com\/index.php?rest_route=\/wp\/v2\/posts\/21269","targetHints":{"allow":["GET"]}}],"collection":[{"href":"https:\/\/zaracaytv.com\/index.php?rest_route=\/wp\/v2\/posts"}],"about":[{"href":"https:\/\/zaracaytv.com\/index.php?rest_route=\/wp\/v2\/types\/post"}],"author":[{"embeddable":true,"href":"https:\/\/zaracaytv.com\/index.php?rest_route=\/wp\/v2\/users\/4"}],"replies":[{"embeddable":true,"href":"https:\/\/zaracaytv.com\/index.php?rest_route=%2Fwp%2Fv2%2Fcomments&post=21269"}],"version-history":[{"count":1,"href":"https:\/\/zaracaytv.com\/index.php?rest_route=\/wp\/v2\/posts\/21269\/revisions"}],"predecessor-version":[{"id":21273,"href":"https:\/\/zaracaytv.com\/index.php?rest_route=\/wp\/v2\/posts\/21269\/revisions\/21273"}],"wp:featuredmedia":[{"embeddable":true,"href":"https:\/\/zaracaytv.com\/index.php?rest_route=\/wp\/v2\/media\/21270"}],"wp:attachment":[{"href":"https:\/\/zaracaytv.com\/index.php?rest_route=%2Fwp%2Fv2%2Fmedia&parent=21269"}],"wp:term":[{"taxonomy":"category","embeddable":true,"href":"https:\/\/zaracaytv.com\/index.php?rest_route=%2Fwp%2Fv2%2Fcategories&post=21269"},{"taxonomy":"post_tag","embeddable":true,"href":"https:\/\/zaracaytv.com\/index.php?rest_route=%2Fwp%2Fv2%2Ftags&post=21269"}],"curies":[{"name":"wp","href":"https:\/\/api.w.org\/{rel}","templated":true}]}}