{"id":21186,"date":"2025-07-01T16:49:45","date_gmt":"2025-07-01T21:49:45","guid":{"rendered":"https:\/\/zaracaytv.com\/?p=21186"},"modified":"2025-07-01T16:49:45","modified_gmt":"2025-07-01T21:49:45","slug":"cuidadores-de-carros-denunciaron-que-la-calle-rio-tanti-se-esta-usando-como-parqueadero-2","status":"publish","type":"post","link":"https:\/\/zaracaytv.com\/?p=21186","title":{"rendered":"CUIDADORES DE CARROS DENUNCIARON QUE LA CALLE R\u00cdO TANTI SE EST\u00c1 USANDO COMO PARQUEADERO"},"content":{"rendered":"<body><p><\/p><img loading=\"lazy\" decoding=\"async\" class=\"size-medium wp-image-21187 alignleft\" src=\"https:\/\/zaracaytv.com\/wp-content\/uploads\/2025\/07\/U9OI-300x179.png\" alt=\"\" width=\"300\" height=\"179\" loading=\"lazy\" srcset=\"https:\/\/zaracaytv.com\/wp-content\/uploads\/2025\/07\/U9OI-300x179.png 300w, https:\/\/zaracaytv.com\/wp-content\/uploads\/2025\/07\/U9OI-1024x611.png 1024w, https:\/\/zaracaytv.com\/wp-content\/uploads\/2025\/07\/U9OI-768x459.png 768w, https:\/\/zaracaytv.com\/wp-content\/uploads\/2025\/07\/U9OI-553x330.png 553w, https:\/\/zaracaytv.com\/wp-content\/uploads\/2025\/07\/U9OI-270x161.png 270w, https:\/\/zaracaytv.com\/wp-content\/uploads\/2025\/07\/U9OI.png 1154w\" sizes=\"auto, (max-width: 300px) 100vw, 300px\" \/>Una parte del tramo de la calle R\u00edo Tanti junto al Recinto Ferial de Santo Domingo en el sector de la 9 de Diciembre est\u00e1 siendo usadO\u00a0 como parqueadero privado afirmaron los cuidadores de carros de la localidad, quienes expusieron que se han colocado vallas de seguridad no permiten el paso.\n<p>Los ciudadanos explican que llevan a\u00f1os realizando este trabajo en el sector y es la primera vez que se toma parte de la calle para usarla como parqueadero de la feria.<\/p>\n<p>Sin embargo, al consultar a la persona encargada contaba con los permisos necesarios para usar este espacio durante los d\u00edas de la feria. Jonathan Acu\u00f1a, organizador de la feria manifest\u00f3 que esta medida se tom\u00f3 tras el robo de veh\u00edculos se dieron el a\u00f1o pasado en el punto.<img loading=\"lazy\" decoding=\"async\" class=\"size-medium wp-image-21188 alignright\" src=\"https:\/\/zaracaytv.com\/wp-content\/uploads\/2025\/07\/GUJ-300x168.png\" alt=\"\" width=\"300\" height=\"168\" loading=\"lazy\" srcset=\"https:\/\/zaracaytv.com\/wp-content\/uploads\/2025\/07\/GUJ-300x168.png 300w, https:\/\/zaracaytv.com\/wp-content\/uploads\/2025\/07\/GUJ-1024x573.png 1024w, https:\/\/zaracaytv.com\/wp-content\/uploads\/2025\/07\/GUJ-768x430.png 768w, https:\/\/zaracaytv.com\/wp-content\/uploads\/2025\/07\/GUJ-570x319.png 570w, https:\/\/zaracaytv.com\/wp-content\/uploads\/2025\/07\/GUJ-270x151.png 270w, https:\/\/zaracaytv.com\/wp-content\/uploads\/2025\/07\/GUJ.png 1129w\" sizes=\"auto, (max-width: 300px) 100vw, 300px\" \/><\/p>\n<p>Los organizadores de la feria, adem\u00e1s, se\u00f1alaron que la calle R\u00edo Tanto no se encuentra cerrada, hay paso controlado por el acceso y se ha colocado guardias privados para la seguridad de los usuarios.<\/p>\n<\/body>","protected":false},"excerpt":{"rendered":"<p>Una parte del tramo de la calle R\u00edo Tanti junto al Recinto Ferial de Santo Domingo en el sector de la 9 de Diciembre est\u00e1 siendo usadO\u00a0 como parqueadero privado afirmaron los cuidadores de carros de la localidad, quienes expusieron que se han colocado vallas de seguridad no permiten el paso. Los ciudadanos explican que [&hellip;]<\/p>\n","protected":false},"author":4,"featured_media":21188,"comment_status":"closed","ping_status":"closed","sticky":false,"template":"","format":"standard","meta":{"om_disable_all_campaigns":false,"_joinchat":[],"footnotes":""},"categories":[25],"tags":[],"class_list":["post-21186","post","type-post","status-publish","format-standard","has-post-thumbnail","hentry","category-la-comunidad"],"_links":{"self":[{"href":"https:\/\/zaracaytv.com\/index.php?rest_route=\/wp\/v2\/posts\/21186","targetHints":{"allow":["GET"]}}],"collection":[{"href":"https:\/\/zaracaytv.com\/index.php?rest_route=\/wp\/v2\/posts"}],"about":[{"href":"https:\/\/zaracaytv.com\/index.php?rest_route=\/wp\/v2\/types\/post"}],"author":[{"embeddable":true,"href":"https:\/\/zaracaytv.com\/index.php?rest_route=\/wp\/v2\/users\/4"}],"replies":[{"embeddable":true,"href":"https:\/\/zaracaytv.com\/index.php?rest_route=%2Fwp%2Fv2%2Fcomments&post=21186"}],"version-history":[{"count":1,"href":"https:\/\/zaracaytv.com\/index.php?rest_route=\/wp\/v2\/posts\/21186\/revisions"}],"predecessor-version":[{"id":21189,"href":"https:\/\/zaracaytv.com\/index.php?rest_route=\/wp\/v2\/posts\/21186\/revisions\/21189"}],"wp:featuredmedia":[{"embeddable":true,"href":"https:\/\/zaracaytv.com\/index.php?rest_route=\/wp\/v2\/media\/21188"}],"wp:attachment":[{"href":"https:\/\/zaracaytv.com\/index.php?rest_route=%2Fwp%2Fv2%2Fmedia&parent=21186"}],"wp:term":[{"taxonomy":"category","embeddable":true,"href":"https:\/\/zaracaytv.com\/index.php?rest_route=%2Fwp%2Fv2%2Fcategories&post=21186"},{"taxonomy":"post_tag","embeddable":true,"href":"https:\/\/zaracaytv.com\/index.php?rest_route=%2Fwp%2Fv2%2Ftags&post=21186"}],"curies":[{"name":"wp","href":"https:\/\/api.w.org\/{rel}","templated":true}]}}