{"id":21182,"date":"2025-07-01T16:33:34","date_gmt":"2025-07-01T21:33:34","guid":{"rendered":"https:\/\/zaracaytv.com\/?p=21182"},"modified":"2025-07-01T16:33:34","modified_gmt":"2025-07-01T21:33:34","slug":"bandas-ritmicas-se-alistan-para-el-desfile-civico-por-las-fiestas-de-santo-domingo","status":"publish","type":"post","link":"https:\/\/zaracaytv.com\/?p=21182","title":{"rendered":"BANDAS R\u00cdTMICAS SE ALISTAN PARA EL DESFILE C\u00cdVICO POR LAS FIESTAS DE SANTO DOMINGO"},"content":{"rendered":"<body><p><\/p>Las bandas r\u00edtmicas de las unidades educativas de Santo Domingo se preparan para el desfile c\u00edvico por las fiestas de cantonizaci\u00f3n. Uno de estos planteles es el Iberoamericano que ensaya dos horas a la semana en el parque lineal Manuel Ramos con sus bastoneras, agrupaci\u00f3n instrumental y acompa\u00f1ados de sus padres, expres\u00f3 el instructor Javier Y\u00e1nez, inspector de bandas r\u00edtmicas, quien manifest\u00f3 que 100 estudiantes participan de l<img loading=\"lazy\" decoding=\"async\" class=\"size-medium wp-image-21183 alignleft\" src=\"https:\/\/zaracaytv.com\/wp-content\/uploads\/2025\/07\/UYHTFI6-300x154.png\" alt=\"\" width=\"300\" height=\"154\" loading=\"lazy\" srcset=\"https:\/\/zaracaytv.com\/wp-content\/uploads\/2025\/07\/UYHTFI6-300x154.png 300w, https:\/\/zaracaytv.com\/wp-content\/uploads\/2025\/07\/UYHTFI6-1024x527.png 1024w, https:\/\/zaracaytv.com\/wp-content\/uploads\/2025\/07\/UYHTFI6-768x395.png 768w, https:\/\/zaracaytv.com\/wp-content\/uploads\/2025\/07\/UYHTFI6-1536x790.png 1536w, https:\/\/zaracaytv.com\/wp-content\/uploads\/2025\/07\/UYHTFI6-570x293.png 570w, https:\/\/zaracaytv.com\/wp-content\/uploads\/2025\/07\/UYHTFI6-270x139.png 270w, https:\/\/zaracaytv.com\/wp-content\/uploads\/2025\/07\/UYHTFI6-850x438.png 850w, https:\/\/zaracaytv.com\/wp-content\/uploads\/2025\/07\/UYHTFI6.png 1580w\" sizes=\"auto, (max-width: 300px) 100vw, 300px\" \/>a misma y deleitar\u00e1n a la ciudadan\u00eda con cumbias durante su paso por las avenidas.\n<p>El compromiso y esfuerzo que est\u00e1n entregando los estudiantes se ve reflejado con cada comp\u00e1s que marcan con sus instrumentos y los pasos de baile. Cristabel Guzm\u00e1n, estudiante de la instituci\u00f3n, destac\u00f3 la importancia de participar en estos eventos que enaltecen a Santo Domingo.<\/p>\n<p>La Unidad Educativa Eloy Alfaro tampoco se queda atr\u00e1s con su banda r\u00edtmica, ellos practican todas las tardes en la calle Panam\u00e1, despu\u00e9s de salir de la instituci\u00f3n, el apoyo de toda la comunidad, hacia la agrupaci\u00f3n, se hace sentir. Las estudiantes mencionaron estar preparadas y sobre todo felices de participar en el desfile c\u00edvico con los colores de su instituci\u00f3n.<img loading=\"lazy\" decoding=\"async\" class=\"size-medium wp-image-21184 alignright\" src=\"https:\/\/zaracaytv.com\/wp-content\/uploads\/2025\/07\/90%C2%BF-300x186.png\" alt=\"\" width=\"300\" height=\"186\" loading=\"lazy\"><\/p>\n<p>Las fiestas tambi\u00e9n se viven en la unidad educativa Metropolitano, donde los estudiantes han optado por entretener a los santodomingue\u00f1os con un toque de m\u00fasica alegre que pondr\u00e1 el ambiente durante su paso.<\/p>\n<p>Estas instituciones ser\u00e1n parte del desfile c\u00edvico que se realizar\u00e1 el 3 de julio por los 58 a\u00f1os de cantonizaci\u00f3n de Santo Domingo, el mismo iniciar\u00e1 a las 9:30 en la avenida Ts\u00e1chila, entre la avenida 29 de Mayo y R\u00edo Zamora, finalizando en la reconocida Tribuna Ts\u00e1chila.<\/p>\n<\/body>","protected":false},"excerpt":{"rendered":"<p>Las bandas r\u00edtmicas de las unidades educativas de Santo Domingo se preparan para el desfile c\u00edvico por las fiestas de cantonizaci\u00f3n. Uno de estos planteles es el Iberoamericano que ensaya dos horas a la semana en el parque lineal Manuel Ramos con sus bastoneras, agrupaci\u00f3n instrumental y acompa\u00f1ados de sus padres, expres\u00f3 el instructor Javier [&hellip;]<\/p>\n","protected":false},"author":4,"featured_media":21183,"comment_status":"closed","ping_status":"closed","sticky":false,"template":"","format":"standard","meta":{"om_disable_all_campaigns":false,"_joinchat":[],"footnotes":""},"categories":[31],"tags":[],"class_list":["post-21182","post","type-post","status-publish","format-standard","has-post-thumbnail","hentry","category-la-region"],"_links":{"self":[{"href":"https:\/\/zaracaytv.com\/index.php?rest_route=\/wp\/v2\/posts\/21182","targetHints":{"allow":["GET"]}}],"collection":[{"href":"https:\/\/zaracaytv.com\/index.php?rest_route=\/wp\/v2\/posts"}],"about":[{"href":"https:\/\/zaracaytv.com\/index.php?rest_route=\/wp\/v2\/types\/post"}],"author":[{"embeddable":true,"href":"https:\/\/zaracaytv.com\/index.php?rest_route=\/wp\/v2\/users\/4"}],"replies":[{"embeddable":true,"href":"https:\/\/zaracaytv.com\/index.php?rest_route=%2Fwp%2Fv2%2Fcomments&post=21182"}],"version-history":[{"count":1,"href":"https:\/\/zaracaytv.com\/index.php?rest_route=\/wp\/v2\/posts\/21182\/revisions"}],"predecessor-version":[{"id":21185,"href":"https:\/\/zaracaytv.com\/index.php?rest_route=\/wp\/v2\/posts\/21182\/revisions\/21185"}],"wp:featuredmedia":[{"embeddable":true,"href":"https:\/\/zaracaytv.com\/index.php?rest_route=\/wp\/v2\/media\/21183"}],"wp:attachment":[{"href":"https:\/\/zaracaytv.com\/index.php?rest_route=%2Fwp%2Fv2%2Fmedia&parent=21182"}],"wp:term":[{"taxonomy":"category","embeddable":true,"href":"https:\/\/zaracaytv.com\/index.php?rest_route=%2Fwp%2Fv2%2Fcategories&post=21182"},{"taxonomy":"post_tag","embeddable":true,"href":"https:\/\/zaracaytv.com\/index.php?rest_route=%2Fwp%2Fv2%2Ftags&post=21182"}],"curies":[{"name":"wp","href":"https:\/\/api.w.org\/{rel}","templated":true}]}}