{"id":21174,"date":"2025-07-01T11:52:34","date_gmt":"2025-07-01T16:52:34","guid":{"rendered":"https:\/\/zaracaytv.com\/?p=21174"},"modified":"2025-07-01T11:52:34","modified_gmt":"2025-07-01T16:52:34","slug":"el-ecu-911-contabilizo-4-092-emergencias-en-estas-fiestas-de-santo-domingo","status":"publish","type":"post","link":"https:\/\/zaracaytv.com\/?p=21174","title":{"rendered":"EL ECU 911 CONTABILIZ\u00d3 4.092 EMERGENCIAS EN ESTAS FIESTAS DE SANTO DOMINGO"},"content":{"rendered":"<body><p><\/p><img loading=\"lazy\" decoding=\"async\" class=\"size-medium wp-image-21175 alignright\" src=\"https:\/\/zaracaytv.com\/wp-content\/uploads\/2025\/07\/dghfy-300x168.png\" alt=\"\" width=\"300\" height=\"168\" loading=\"lazy\" srcset=\"https:\/\/zaracaytv.com\/wp-content\/uploads\/2025\/07\/dghfy-300x168.png 300w, https:\/\/zaracaytv.com\/wp-content\/uploads\/2025\/07\/dghfy-1024x574.png 1024w, https:\/\/zaracaytv.com\/wp-content\/uploads\/2025\/07\/dghfy-768x431.png 768w, https:\/\/zaracaytv.com\/wp-content\/uploads\/2025\/07\/dghfy-1536x862.png 1536w, https:\/\/zaracaytv.com\/wp-content\/uploads\/2025\/07\/dghfy-570x320.png 570w, https:\/\/zaracaytv.com\/wp-content\/uploads\/2025\/07\/dghfy-270x151.png 270w, https:\/\/zaracaytv.com\/wp-content\/uploads\/2025\/07\/dghfy.png 1624w\" sizes=\"auto, (max-width: 300px) 100vw, 300px\" \/>Desde el 16 hasta el 29 de junio de este a\u00f1o, el Servicio Integrado de Seguridad ECU 911, en Santo Domingo, ha registrado 4092 emergencias. Esto en el marco de las festividades por la cantonizaci\u00f3n de la ciudad. De esta cifra, el 65% corresponde a Seguridad Ciudadana, explic\u00f3 el jefe local de la entidad, Iv\u00e1n Mac\u00edas. En cada \u00e9poca del a\u00f1o por las fiestas, las emergencias de tr\u00e1nsito y movilidad son frecuentes. Hasta la fecha se contabilizan 50 siniestros con heridos y 44 sin heridos.\n<p><img loading=\"lazy\" decoding=\"async\" class=\"size-medium wp-image-21176 alignleft\" src=\"https:\/\/zaracaytv.com\/wp-content\/uploads\/2025\/07\/fgjopp-300x168.png\" alt=\"\" width=\"300\" height=\"168\" loading=\"lazy\" srcset=\"https:\/\/zaracaytv.com\/wp-content\/uploads\/2025\/07\/fgjopp-300x168.png 300w, https:\/\/zaracaytv.com\/wp-content\/uploads\/2025\/07\/fgjopp-1024x575.png 1024w, https:\/\/zaracaytv.com\/wp-content\/uploads\/2025\/07\/fgjopp-768x431.png 768w, https:\/\/zaracaytv.com\/wp-content\/uploads\/2025\/07\/fgjopp-1536x862.png 1536w, https:\/\/zaracaytv.com\/wp-content\/uploads\/2025\/07\/fgjopp-570x320.png 570w, https:\/\/zaracaytv.com\/wp-content\/uploads\/2025\/07\/fgjopp-270x152.png 270w, https:\/\/zaracaytv.com\/wp-content\/uploads\/2025\/07\/fgjopp.png 1603w\" sizes=\"auto, (max-width: 300px) 100vw, 300px\" \/>Seg\u00fan Mac\u00edas, est\u00e1n fortaleciendo la videovigilancia y esperan aumentar en un 105% el n\u00famero de c\u00e1maras. Los dispositivos se planifican por dos m\u00e9todos, uno por la interoperatividad en la que las entidades deben enlazarse con el servicio integrado de seguridad y por convenios con los municipios.<\/p>\n<p>Desde el Centro de Control y Monitoreo de tr\u00e1nsito de la Empresa de Transporte hacen el seguimiento. Dan prioridad a las calles y avenidas m\u00e1s transitadas con el contingente respectivo.<\/p>\n<p>Los funcionarios pidieron a los ciudadanos no conducir bajo los efectos del alcohol y solicitan mantenerse atentos a los cambios, ya que se aplican cierres constantes de calles por las actividades programadas.<\/p>\n<\/body>","protected":false},"excerpt":{"rendered":"<p>Desde el 16 hasta el 29 de junio de este a\u00f1o, el Servicio Integrado de Seguridad ECU 911, en Santo Domingo, ha registrado 4092 emergencias. Esto en el marco de las festividades por la cantonizaci\u00f3n de la ciudad. De esta cifra, el 65% corresponde a Seguridad Ciudadana, explic\u00f3 el jefe local de la entidad, Iv\u00e1n [&hellip;]<\/p>\n","protected":false},"author":4,"featured_media":21175,"comment_status":"closed","ping_status":"closed","sticky":false,"template":"","format":"standard","meta":{"om_disable_all_campaigns":false,"_joinchat":[],"footnotes":""},"categories":[31],"tags":[],"class_list":["post-21174","post","type-post","status-publish","format-standard","has-post-thumbnail","hentry","category-la-region"],"_links":{"self":[{"href":"https:\/\/zaracaytv.com\/index.php?rest_route=\/wp\/v2\/posts\/21174","targetHints":{"allow":["GET"]}}],"collection":[{"href":"https:\/\/zaracaytv.com\/index.php?rest_route=\/wp\/v2\/posts"}],"about":[{"href":"https:\/\/zaracaytv.com\/index.php?rest_route=\/wp\/v2\/types\/post"}],"author":[{"embeddable":true,"href":"https:\/\/zaracaytv.com\/index.php?rest_route=\/wp\/v2\/users\/4"}],"replies":[{"embeddable":true,"href":"https:\/\/zaracaytv.com\/index.php?rest_route=%2Fwp%2Fv2%2Fcomments&post=21174"}],"version-history":[{"count":2,"href":"https:\/\/zaracaytv.com\/index.php?rest_route=\/wp\/v2\/posts\/21174\/revisions"}],"predecessor-version":[{"id":21180,"href":"https:\/\/zaracaytv.com\/index.php?rest_route=\/wp\/v2\/posts\/21174\/revisions\/21180"}],"wp:featuredmedia":[{"embeddable":true,"href":"https:\/\/zaracaytv.com\/index.php?rest_route=\/wp\/v2\/media\/21175"}],"wp:attachment":[{"href":"https:\/\/zaracaytv.com\/index.php?rest_route=%2Fwp%2Fv2%2Fmedia&parent=21174"}],"wp:term":[{"taxonomy":"category","embeddable":true,"href":"https:\/\/zaracaytv.com\/index.php?rest_route=%2Fwp%2Fv2%2Fcategories&post=21174"},{"taxonomy":"post_tag","embeddable":true,"href":"https:\/\/zaracaytv.com\/index.php?rest_route=%2Fwp%2Fv2%2Ftags&post=21174"}],"curies":[{"name":"wp","href":"https:\/\/api.w.org\/{rel}","templated":true}]}}