{"id":21170,"date":"2025-07-01T11:40:32","date_gmt":"2025-07-01T16:40:32","guid":{"rendered":"https:\/\/zaracaytv.com\/?p=21170"},"modified":"2025-07-01T12:16:09","modified_gmt":"2025-07-01T17:16:09","slug":"dos-personas-fueron-asesinadas-en-diferentes-zonas-de-santo-domingo","status":"publish","type":"post","link":"https:\/\/zaracaytv.com\/?p=21170","title":{"rendered":"DOS PERSONAS FUERON ASESINADAS EN DIFERENTES ZONAS DE SANTO DOMINGO"},"content":{"rendered":"<body><p><\/p><img loading=\"lazy\" decoding=\"async\" class=\"size-medium wp-image-21171 alignleft\" src=\"https:\/\/zaracaytv.com\/wp-content\/uploads\/2025\/07\/T787-300x167.png\" alt=\"\" width=\"300\" height=\"167\" loading=\"lazy\" srcset=\"https:\/\/zaracaytv.com\/wp-content\/uploads\/2025\/07\/T787-300x167.png 300w, https:\/\/zaracaytv.com\/wp-content\/uploads\/2025\/07\/T787-1024x569.png 1024w, https:\/\/zaracaytv.com\/wp-content\/uploads\/2025\/07\/T787-768x427.png 768w, https:\/\/zaracaytv.com\/wp-content\/uploads\/2025\/07\/T787-1536x853.png 1536w, https:\/\/zaracaytv.com\/wp-content\/uploads\/2025\/07\/T787-570x317.png 570w, https:\/\/zaracaytv.com\/wp-content\/uploads\/2025\/07\/T787-270x150.png 270w, https:\/\/zaracaytv.com\/wp-content\/uploads\/2025\/07\/T787.png 1600w\" sizes=\"auto, (max-width: 300px) 100vw, 300px\" \/>Durante la noche de este domingo, Santos L\u00f3pez de 61 a\u00f1os de edad fue asesinado con un arma blanca por una persona encargada de cuidar los veh\u00edculos en los exteriores de un reconocido restaurante de Santo Domingo frente al parque Jelen Tenka, entre las avenidas Abraham Calazac\u00f3n y R\u00edo Zamora. Al parecer, hubo una discusi\u00f3n previa entre los involucrados, luego se dio el hecho dentro del establecimiento. Alejandra L\u00f3pez, hija de la v\u00edctima, mencion\u00f3 que su padre estaba a punto de terminar su turno cuando fue atacado, exige justicia por su padre, quien mencion\u00f3 que llevaba a penas 2 d\u00edas laborando en el lugar.\n<p><span style=\"font-weight: 400;\">Eduardo Ricaurte, jefe subrogante de la subzona Santo Domingo, manifest\u00f3 que el supuesto agresor de la v\u00edctima ya ha sido identificado y se trabaja en su captura mediante los ejes investigativos.<img loading=\"lazy\" decoding=\"async\" class=\"size-medium wp-image-21172 alignright\" src=\"https:\/\/zaracaytv.com\/wp-content\/uploads\/2025\/07\/HGUJOIU-300x168.png\" alt=\"\" width=\"300\" height=\"168\" loading=\"lazy\" srcset=\"https:\/\/zaracaytv.com\/wp-content\/uploads\/2025\/07\/HGUJOIU-300x168.png 300w, https:\/\/zaracaytv.com\/wp-content\/uploads\/2025\/07\/HGUJOIU-1024x575.png 1024w, https:\/\/zaracaytv.com\/wp-content\/uploads\/2025\/07\/HGUJOIU-768x431.png 768w, https:\/\/zaracaytv.com\/wp-content\/uploads\/2025\/07\/HGUJOIU-1536x862.png 1536w, https:\/\/zaracaytv.com\/wp-content\/uploads\/2025\/07\/HGUJOIU-570x320.png 570w, https:\/\/zaracaytv.com\/wp-content\/uploads\/2025\/07\/HGUJOIU-270x151.png 270w, https:\/\/zaracaytv.com\/wp-content\/uploads\/2025\/07\/HGUJOIU.png 1622w\" sizes=\"auto, (max-width: 300px) 100vw, 300px\" \/><\/span><\/p>\n<p><span style=\"font-weight: 400;\">En otro de los hechos violentos de este fin de semana que ocurri\u00f3 el s\u00e1bado en la cooperativa Uni\u00f3n C\u00edvica, el uniformado manifest\u00f3 que un servidor policial que presta servicio fuera de la provincia, hizo el uso leg\u00edtimo de la fuerza para defenderse de dos delincuentes que intentaban robarle. Uno result\u00f3 herido y el otro muerto, a\u00fan se intenta ubicar el paradero del otro sospechoso.<\/span><\/p>\n<p><span style=\"font-weight: 400;\">Estos \u00faltimos hechos violentos responden a situaciones ocasionales, seg\u00fan inform\u00f3 la polic\u00eda, quienes indicaron que durante este fin de semana el personal policial trabaj\u00f3 al 100% por motivo de las festividades.<\/span><\/p>\n<p>\u00a0<\/p>\n<p><iframe title=\"CR\u00d3NICA \u2013 DOS PERSONAS FUERON ASESINADAS EN DIFERENTES ZONAS DE SANTO DOMINGO\" width=\"800\" height=\"450\" src=\"https:\/\/www.youtube.com\/embed\/fNURronK-EQ?feature=oembed\" frameborder=\"0\" allow=\"accelerometer; autoplay; clipboard-write; encrypted-media; gyroscope; picture-in-picture; web-share\" referrerpolicy=\"strict-origin-when-cross-origin\" allowfullscreen><\/iframe><\/p>\n<\/body>","protected":false},"excerpt":{"rendered":"<p>Durante la noche de este domingo, Santos L\u00f3pez de 61 a\u00f1os de edad fue asesinado con un arma blanca por una persona encargada de cuidar los veh\u00edculos en los exteriores de un reconocido restaurante de Santo Domingo frente al parque Jelen Tenka, entre las avenidas Abraham Calazac\u00f3n y R\u00edo Zamora. Al parecer, hubo una discusi\u00f3n [&hellip;]<\/p>\n","protected":false},"author":4,"featured_media":21171,"comment_status":"closed","ping_status":"closed","sticky":false,"template":"","format":"standard","meta":{"om_disable_all_campaigns":false,"_joinchat":[],"footnotes":""},"categories":[48],"tags":[],"class_list":["post-21170","post","type-post","status-publish","format-standard","has-post-thumbnail","hentry","category-cronica-roja"],"_links":{"self":[{"href":"https:\/\/zaracaytv.com\/index.php?rest_route=\/wp\/v2\/posts\/21170","targetHints":{"allow":["GET"]}}],"collection":[{"href":"https:\/\/zaracaytv.com\/index.php?rest_route=\/wp\/v2\/posts"}],"about":[{"href":"https:\/\/zaracaytv.com\/index.php?rest_route=\/wp\/v2\/types\/post"}],"author":[{"embeddable":true,"href":"https:\/\/zaracaytv.com\/index.php?rest_route=\/wp\/v2\/users\/4"}],"replies":[{"embeddable":true,"href":"https:\/\/zaracaytv.com\/index.php?rest_route=%2Fwp%2Fv2%2Fcomments&post=21170"}],"version-history":[{"count":3,"href":"https:\/\/zaracaytv.com\/index.php?rest_route=\/wp\/v2\/posts\/21170\/revisions"}],"predecessor-version":[{"id":21179,"href":"https:\/\/zaracaytv.com\/index.php?rest_route=\/wp\/v2\/posts\/21170\/revisions\/21179"}],"wp:featuredmedia":[{"embeddable":true,"href":"https:\/\/zaracaytv.com\/index.php?rest_route=\/wp\/v2\/media\/21171"}],"wp:attachment":[{"href":"https:\/\/zaracaytv.com\/index.php?rest_route=%2Fwp%2Fv2%2Fmedia&parent=21170"}],"wp:term":[{"taxonomy":"category","embeddable":true,"href":"https:\/\/zaracaytv.com\/index.php?rest_route=%2Fwp%2Fv2%2Fcategories&post=21170"},{"taxonomy":"post_tag","embeddable":true,"href":"https:\/\/zaracaytv.com\/index.php?rest_route=%2Fwp%2Fv2%2Ftags&post=21170"}],"curies":[{"name":"wp","href":"https:\/\/api.w.org\/{rel}","templated":true}]}}