{"id":21160,"date":"2025-06-30T18:19:55","date_gmt":"2025-06-30T23:19:55","guid":{"rendered":"https:\/\/zaracaytv.com\/?p=21160"},"modified":"2025-06-30T18:19:55","modified_gmt":"2025-06-30T23:19:55","slug":"presunto-delincuente-fue-abatido-en-la-coop-union-civica-2","status":"publish","type":"post","link":"https:\/\/zaracaytv.com\/?p=21160","title":{"rendered":"PRESUNTO DELINCUENTE FUE ABATIDO EN LA COOP. UNI\u00d3N C\u00cdVICA"},"content":{"rendered":"<body><p><\/p><img loading=\"lazy\" decoding=\"async\" class=\"size-medium wp-image-21161 alignleft\" src=\"https:\/\/zaracaytv.com\/wp-content\/uploads\/2025\/06\/dhdfgfh-300x125.png\" alt=\"\" width=\"300\" height=\"125\" loading=\"lazy\" srcset=\"https:\/\/zaracaytv.com\/wp-content\/uploads\/2025\/06\/dhdfgfh-300x125.png 300w, https:\/\/zaracaytv.com\/wp-content\/uploads\/2025\/06\/dhdfgfh-1024x425.png 1024w, https:\/\/zaracaytv.com\/wp-content\/uploads\/2025\/06\/dhdfgfh-768x319.png 768w, https:\/\/zaracaytv.com\/wp-content\/uploads\/2025\/06\/dhdfgfh-1536x638.png 1536w, https:\/\/zaracaytv.com\/wp-content\/uploads\/2025\/06\/dhdfgfh-570x237.png 570w, https:\/\/zaracaytv.com\/wp-content\/uploads\/2025\/06\/dhdfgfh-270x112.png 270w, https:\/\/zaracaytv.com\/wp-content\/uploads\/2025\/06\/dhdfgfh-556x234.png 556w, https:\/\/zaracaytv.com\/wp-content\/uploads\/2025\/06\/dhdfgfh.png 1568w\" sizes=\"auto, (max-width: 300px) 100vw, 300px\" \/>Un supuesto delincuente fue abatido por un polic\u00eda en el sector de la Uni\u00f3n C\u00edvica este s\u00e1bado 28 de junio. Al parecer el occiso intent\u00f3 robar al servidor policial, quien se encontraba en un establecimiento. Algunos por temor a involucrarse evitaron dar declaraciones, mientras otros solo mencionaban que hab\u00edan escuchado sobre el incidente.\n<p>Los vecinos del sector expresaron que el sitio es inseguro, por lo cual hacen un llamado al bloque de seguridad a reforzar los patrullajes por el lugar y ejecutar operativos para neutralizar a los antisociales.<\/p>\n<p>Adem\u00e1s, los moradores expresan que no es la primera vez que ocurre una situaci\u00f3n violenta por la zona por lo cual muchos se encierran en sus viviendas para evitar conflictos.<\/p>\n<p>Se busc\u00f3 una versi\u00f3n de la polic\u00eda sobre el caso, sin embargo, mencionaron que este incidente se encuentra en investigaciones, por lo cual no se emiti\u00f3 un pronunciamiento. Se conoce extraoficialmente, que otra persona result\u00f3 herida durante el tiroteo.<\/p>\n<\/body>","protected":false},"excerpt":{"rendered":"<p>Un supuesto delincuente fue abatido por un polic\u00eda en el sector de la Uni\u00f3n C\u00edvica este s\u00e1bado 28 de junio. Al parecer el occiso intent\u00f3 robar al servidor policial, quien se encontraba en un establecimiento. Algunos por temor a involucrarse evitaron dar declaraciones, mientras otros solo mencionaban que hab\u00edan escuchado sobre el incidente. Los vecinos [&hellip;]<\/p>\n","protected":false},"author":7,"featured_media":21161,"comment_status":"closed","ping_status":"closed","sticky":false,"template":"","format":"standard","meta":{"om_disable_all_campaigns":false,"_joinchat":[],"footnotes":""},"categories":[48],"tags":[],"class_list":["post-21160","post","type-post","status-publish","format-standard","has-post-thumbnail","hentry","category-cronica-roja"],"_links":{"self":[{"href":"https:\/\/zaracaytv.com\/index.php?rest_route=\/wp\/v2\/posts\/21160","targetHints":{"allow":["GET"]}}],"collection":[{"href":"https:\/\/zaracaytv.com\/index.php?rest_route=\/wp\/v2\/posts"}],"about":[{"href":"https:\/\/zaracaytv.com\/index.php?rest_route=\/wp\/v2\/types\/post"}],"author":[{"embeddable":true,"href":"https:\/\/zaracaytv.com\/index.php?rest_route=\/wp\/v2\/users\/7"}],"replies":[{"embeddable":true,"href":"https:\/\/zaracaytv.com\/index.php?rest_route=%2Fwp%2Fv2%2Fcomments&post=21160"}],"version-history":[{"count":1,"href":"https:\/\/zaracaytv.com\/index.php?rest_route=\/wp\/v2\/posts\/21160\/revisions"}],"predecessor-version":[{"id":21162,"href":"https:\/\/zaracaytv.com\/index.php?rest_route=\/wp\/v2\/posts\/21160\/revisions\/21162"}],"wp:featuredmedia":[{"embeddable":true,"href":"https:\/\/zaracaytv.com\/index.php?rest_route=\/wp\/v2\/media\/21161"}],"wp:attachment":[{"href":"https:\/\/zaracaytv.com\/index.php?rest_route=%2Fwp%2Fv2%2Fmedia&parent=21160"}],"wp:term":[{"taxonomy":"category","embeddable":true,"href":"https:\/\/zaracaytv.com\/index.php?rest_route=%2Fwp%2Fv2%2Fcategories&post=21160"},{"taxonomy":"post_tag","embeddable":true,"href":"https:\/\/zaracaytv.com\/index.php?rest_route=%2Fwp%2Fv2%2Ftags&post=21160"}],"curies":[{"name":"wp","href":"https:\/\/api.w.org\/{rel}","templated":true}]}}