{"id":21157,"date":"2025-06-30T18:18:16","date_gmt":"2025-06-30T23:18:16","guid":{"rendered":"https:\/\/zaracaytv.com\/?p=21157"},"modified":"2025-06-30T18:18:16","modified_gmt":"2025-06-30T23:18:16","slug":"los-ciudadanos-vivieron-con-gran-emocion-la-cabalgata-2025","status":"publish","type":"post","link":"https:\/\/zaracaytv.com\/?p=21157","title":{"rendered":"LOS CIUDADANOS VIVIERON CON GRAN EMOCI\u00d3N LA CABALGATA 2025"},"content":{"rendered":"<body><p><\/p><img loading=\"lazy\" decoding=\"async\" class=\"size-medium wp-image-21158 alignleft\" src=\"https:\/\/zaracaytv.com\/wp-content\/uploads\/2025\/06\/dfhgffd-300x117.png\" alt=\"\" width=\"300\" height=\"117\" loading=\"lazy\" srcset=\"https:\/\/zaracaytv.com\/wp-content\/uploads\/2025\/06\/dfhgffd-300x117.png 300w, https:\/\/zaracaytv.com\/wp-content\/uploads\/2025\/06\/dfhgffd-1024x398.png 1024w, https:\/\/zaracaytv.com\/wp-content\/uploads\/2025\/06\/dfhgffd-768x298.png 768w, https:\/\/zaracaytv.com\/wp-content\/uploads\/2025\/06\/dfhgffd-1536x597.png 1536w, https:\/\/zaracaytv.com\/wp-content\/uploads\/2025\/06\/dfhgffd-570x221.png 570w, https:\/\/zaracaytv.com\/wp-content\/uploads\/2025\/06\/dfhgffd-270x105.png 270w, https:\/\/zaracaytv.com\/wp-content\/uploads\/2025\/06\/dfhgffd.png 1583w\" sizes=\"auto, (max-width: 300px) 100vw, 300px\" \/>Con gran alegr\u00eda se llev\u00f3 a cabo la cabalgata 2025 en Santo Domingo. Carros aleg\u00f3ricos, caballos finos, hermosas mujeres y los tradicionales sombreros de curo o paja toquilla fueron los protagonistas de un recorrido que anim\u00f3 las fiestas por los 58 a\u00f1os de cantonizaci\u00f3n del cant\u00f3n.\n<p>Los jinetes felicitaron a la tierra colorada por su asueto y marcaron el paso con los equinos al comp\u00e1s de la m\u00fasica, donde reconocidos ganaderos de la provincia se hicieron presentes para recorrer la calles y avenidas del cant\u00f3n.<\/p>\n<p>Las familias al borde de las veredas y parterres llegaron hasta las avenidas Quito y Quevedo para presenciar la cabalgata y disfrutar de la tarde con los mejores caballos de paso.<\/p>\n<p>La virreina del cant\u00f3n se rob\u00f3 la tarde repartiendo rosas y besos a los espectadores celebrando un a\u00f1o m\u00e1s de vida de la tierra colorada.<\/p>\n<\/body>","protected":false},"excerpt":{"rendered":"<p>Con gran alegr\u00eda se llev\u00f3 a cabo la cabalgata 2025 en Santo Domingo. Carros aleg\u00f3ricos, caballos finos, hermosas mujeres y los tradicionales sombreros de curo o paja toquilla fueron los protagonistas de un recorrido que anim\u00f3 las fiestas por los 58 a\u00f1os de cantonizaci\u00f3n del cant\u00f3n. Los jinetes felicitaron a la tierra colorada por su [&hellip;]<\/p>\n","protected":false},"author":7,"featured_media":21158,"comment_status":"closed","ping_status":"closed","sticky":false,"template":"","format":"standard","meta":{"om_disable_all_campaigns":false,"_joinchat":[],"footnotes":""},"categories":[31],"tags":[],"class_list":["post-21157","post","type-post","status-publish","format-standard","has-post-thumbnail","hentry","category-la-region"],"_links":{"self":[{"href":"https:\/\/zaracaytv.com\/index.php?rest_route=\/wp\/v2\/posts\/21157","targetHints":{"allow":["GET"]}}],"collection":[{"href":"https:\/\/zaracaytv.com\/index.php?rest_route=\/wp\/v2\/posts"}],"about":[{"href":"https:\/\/zaracaytv.com\/index.php?rest_route=\/wp\/v2\/types\/post"}],"author":[{"embeddable":true,"href":"https:\/\/zaracaytv.com\/index.php?rest_route=\/wp\/v2\/users\/7"}],"replies":[{"embeddable":true,"href":"https:\/\/zaracaytv.com\/index.php?rest_route=%2Fwp%2Fv2%2Fcomments&post=21157"}],"version-history":[{"count":1,"href":"https:\/\/zaracaytv.com\/index.php?rest_route=\/wp\/v2\/posts\/21157\/revisions"}],"predecessor-version":[{"id":21159,"href":"https:\/\/zaracaytv.com\/index.php?rest_route=\/wp\/v2\/posts\/21157\/revisions\/21159"}],"wp:featuredmedia":[{"embeddable":true,"href":"https:\/\/zaracaytv.com\/index.php?rest_route=\/wp\/v2\/media\/21158"}],"wp:attachment":[{"href":"https:\/\/zaracaytv.com\/index.php?rest_route=%2Fwp%2Fv2%2Fmedia&parent=21157"}],"wp:term":[{"taxonomy":"category","embeddable":true,"href":"https:\/\/zaracaytv.com\/index.php?rest_route=%2Fwp%2Fv2%2Fcategories&post=21157"},{"taxonomy":"post_tag","embeddable":true,"href":"https:\/\/zaracaytv.com\/index.php?rest_route=%2Fwp%2Fv2%2Ftags&post=21157"}],"curies":[{"name":"wp","href":"https:\/\/api.w.org\/{rel}","templated":true}]}}