{"id":21150,"date":"2025-06-30T18:14:19","date_gmt":"2025-06-30T23:14:19","guid":{"rendered":"https:\/\/zaracaytv.com\/?p=21150"},"modified":"2025-06-30T18:14:19","modified_gmt":"2025-06-30T23:14:19","slug":"la-indemnizacion-del-seguro-de-williams-mero-fue-entregado-a-sus-familiares","status":"publish","type":"post","link":"https:\/\/zaracaytv.com\/?p=21150","title":{"rendered":"LA INDEMNIZACI\u00d3N DEL SEGURO DE WILLIAMS MERO FUE ENTREGADO A SUS FAMILIARES"},"content":{"rendered":"<body><p><\/p><img loading=\"lazy\" decoding=\"async\" class=\"size-medium wp-image-21151 alignleft\" src=\"https:\/\/zaracaytv.com\/wp-content\/uploads\/2025\/06\/fvghjfhgr-300x126.png\" alt=\"\" width=\"300\" height=\"126\" loading=\"lazy\" srcset=\"https:\/\/zaracaytv.com\/wp-content\/uploads\/2025\/06\/fvghjfhgr-300x126.png 300w, https:\/\/zaracaytv.com\/wp-content\/uploads\/2025\/06\/fvghjfhgr-1024x431.png 1024w, https:\/\/zaracaytv.com\/wp-content\/uploads\/2025\/06\/fvghjfhgr-768x323.png 768w, https:\/\/zaracaytv.com\/wp-content\/uploads\/2025\/06\/fvghjfhgr-1536x647.png 1536w, https:\/\/zaracaytv.com\/wp-content\/uploads\/2025\/06\/fvghjfhgr-570x240.png 570w, https:\/\/zaracaytv.com\/wp-content\/uploads\/2025\/06\/fvghjfhgr-270x114.png 270w, https:\/\/zaracaytv.com\/wp-content\/uploads\/2025\/06\/fvghjfhgr-556x234.png 556w, https:\/\/zaracaytv.com\/wp-content\/uploads\/2025\/06\/fvghjfhgr.png 1560w\" sizes=\"auto, (max-width: 300px) 100vw, 300px\" \/>La ma\u00f1ana de este lunes 30 de junio se realiz\u00f3 la entrega de la indemnizaci\u00f3n del seguro que manten\u00eda el bombero Williams Trajano Mero Ureta, quien perdi\u00f3 la vida el pasado 7 de abril en un accidente en la v\u00eda Las Mercedes- Los Bancos.\n<p>La aseguradora se\u00f1al\u00f3 que el tr\u00e1mite\u00a0culmin\u00f3, ya que fueron m\u00e1s de 2 meses desde que empezaron con este proceso.<\/p>\n<p>El jefe del Cuerpo de Bomberos de Santo Domingo, Hugo Parra, detall\u00f3 que estos procesos tardan. Se refiri\u00f3 a las declaraciones realizadas en las redes sociales sobre este delicado tema.<\/p>\n<p>Williams Trajano Mero Ureta falleci\u00f3 ejerciendo su labor cuando intentaba trasladarse a una emergencia por las fuertes lluvias, sus restos fueron velados en la estaci\u00f3n del Cuerpo de Bomberos del Shopping. Su cuerpo fue trasladado hasta Charapot\u00f3, en la provincia de Manab\u00ed, donde fue sepultado.<\/p>\n<\/body>","protected":false},"excerpt":{"rendered":"<p>La ma\u00f1ana de este lunes 30 de junio se realiz\u00f3 la entrega de la indemnizaci\u00f3n del seguro que manten\u00eda el bombero Williams Trajano Mero Ureta, quien perdi\u00f3 la vida el pasado 7 de abril en un accidente en la v\u00eda Las Mercedes- Los Bancos. La aseguradora se\u00f1al\u00f3 que el tr\u00e1mite\u00a0culmin\u00f3, ya que fueron m\u00e1s de [&hellip;]<\/p>\n","protected":false},"author":7,"featured_media":21151,"comment_status":"closed","ping_status":"closed","sticky":false,"template":"","format":"standard","meta":{"om_disable_all_campaigns":false,"_joinchat":[],"footnotes":""},"categories":[31],"tags":[],"class_list":["post-21150","post","type-post","status-publish","format-standard","has-post-thumbnail","hentry","category-la-region"],"_links":{"self":[{"href":"https:\/\/zaracaytv.com\/index.php?rest_route=\/wp\/v2\/posts\/21150","targetHints":{"allow":["GET"]}}],"collection":[{"href":"https:\/\/zaracaytv.com\/index.php?rest_route=\/wp\/v2\/posts"}],"about":[{"href":"https:\/\/zaracaytv.com\/index.php?rest_route=\/wp\/v2\/types\/post"}],"author":[{"embeddable":true,"href":"https:\/\/zaracaytv.com\/index.php?rest_route=\/wp\/v2\/users\/7"}],"replies":[{"embeddable":true,"href":"https:\/\/zaracaytv.com\/index.php?rest_route=%2Fwp%2Fv2%2Fcomments&post=21150"}],"version-history":[{"count":1,"href":"https:\/\/zaracaytv.com\/index.php?rest_route=\/wp\/v2\/posts\/21150\/revisions"}],"predecessor-version":[{"id":21152,"href":"https:\/\/zaracaytv.com\/index.php?rest_route=\/wp\/v2\/posts\/21150\/revisions\/21152"}],"wp:featuredmedia":[{"embeddable":true,"href":"https:\/\/zaracaytv.com\/index.php?rest_route=\/wp\/v2\/media\/21151"}],"wp:attachment":[{"href":"https:\/\/zaracaytv.com\/index.php?rest_route=%2Fwp%2Fv2%2Fmedia&parent=21150"}],"wp:term":[{"taxonomy":"category","embeddable":true,"href":"https:\/\/zaracaytv.com\/index.php?rest_route=%2Fwp%2Fv2%2Fcategories&post=21150"},{"taxonomy":"post_tag","embeddable":true,"href":"https:\/\/zaracaytv.com\/index.php?rest_route=%2Fwp%2Fv2%2Ftags&post=21150"}],"curies":[{"name":"wp","href":"https:\/\/api.w.org\/{rel}","templated":true}]}}