{"id":21145,"date":"2025-06-30T12:51:34","date_gmt":"2025-06-30T17:51:34","guid":{"rendered":"https:\/\/zaracaytv.com\/?p=21145"},"modified":"2025-06-30T12:51:34","modified_gmt":"2025-06-30T17:51:34","slug":"21145","status":"publish","type":"post","link":"https:\/\/zaracaytv.com\/?p=21145","title":{"rendered":""},"content":{"rendered":"<body><p><\/p>\n<p data-start=\"232\" data-end=\"514\"><strong data-start=\"232\" data-end=\"262\"><img loading=\"lazy\" decoding=\"async\" class=\"size-medium wp-image-21147 alignleft\" src=\"https:\/\/zaracaytv.com\/wp-content\/uploads\/2025\/06\/PLANTILLAS-ZARACAY-TELEVISION-2025-06-30T122641.502-300x176.png\" alt=\"\" width=\"300\" height=\"176\" loading=\"lazy\" srcset=\"https:\/\/zaracaytv.com\/wp-content\/uploads\/2025\/06\/PLANTILLAS-ZARACAY-TELEVISION-2025-06-30T122641.502-300x176.png 300w, https:\/\/zaracaytv.com\/wp-content\/uploads\/2025\/06\/PLANTILLAS-ZARACAY-TELEVISION-2025-06-30T122641.502-1024x601.png 1024w, https:\/\/zaracaytv.com\/wp-content\/uploads\/2025\/06\/PLANTILLAS-ZARACAY-TELEVISION-2025-06-30T122641.502-768x451.png 768w, https:\/\/zaracaytv.com\/wp-content\/uploads\/2025\/06\/PLANTILLAS-ZARACAY-TELEVISION-2025-06-30T122641.502-562x330.png 562w, https:\/\/zaracaytv.com\/wp-content\/uploads\/2025\/06\/PLANTILLAS-ZARACAY-TELEVISION-2025-06-30T122641.502-270x159.png 270w, https:\/\/zaracaytv.com\/wp-content\/uploads\/2025\/06\/PLANTILLAS-ZARACAY-TELEVISION-2025-06-30T122641.502.png 1080w\" sizes=\"auto, (max-width: 300px) 100vw, 300px\" \/>Quito, 30 de junio de 2025<\/strong>. \u2013 Desde el Palacio de Carondelet, la vocera presidencial Carolina Jaramillo present\u00f3 el Plan <strong data-start=\"357\" data-end=\"375\">\u201cNos Cuidamos\u201d<\/strong>, una nueva pol\u00edtica de Estado que busca enfrentar la violencia en entornos escolares y <strong data-start=\"463\" data-end=\"513\">garantizar el derecho a la educaci\u00f3n sin miedo<\/strong>.<\/p>\n<p data-start=\"516\" data-end=\"764\">Durante su intervenci\u00f3n, Jaramillo se\u00f1al\u00f3 que el objetivo central del plan es <strong data-start=\"594\" data-end=\"660\">restablecer la seguridad, el orden y la autoridad en las aulas<\/strong>, en respuesta al incremento de situaciones violentas que han puesto en riesgo a estudiantes y docentes.<\/p>\n<blockquote data-start=\"766\" data-end=\"889\">\n<p data-start=\"768\" data-end=\"889\">\u201cNo queremos miedo en las aulas. Queremos autoridad, orden y garant\u00eda para educar en paz\u201d, afirm\u00f3 la vocera presidencial.<\/p>\n<\/blockquote>\n<h3 data-start=\"891\" data-end=\"957\">Entrada de la fuerza p\u00fablica a planteles solo ante riesgo real<\/h3>\n<p data-start=\"959\" data-end=\"1283\">Una de las medidas m\u00e1s destacadas del plan es la <strong data-start=\"1008\" data-end=\"1083\">posibilidad de que la fuerza p\u00fablica ingrese a instituciones educativas<\/strong>, pero <strong data-start=\"1090\" data-end=\"1152\">\u00fanicamente si existe un peligro real, cierto y justificado<\/strong>. Para ello, se emitir\u00e1 un nuevo acuerdo ministerial que establecer\u00e1 los par\u00e1metros bajo los cuales se permitir\u00e1 esta intervenci\u00f3n.<\/p>\n<h3 data-start=\"1285\" data-end=\"1338\">Seis acciones principales del Plan \u201cNos Cuidamos\u201d<\/h3>\n<p data-start=\"1340\" data-end=\"1443\">El plan contempla seis ejes de acci\u00f3n concretos para devolver la tranquilidad a los espacios escolares:<\/p>\n<ol data-start=\"1445\" data-end=\"2269\">\n<li data-start=\"1445\" data-end=\"1568\">\n<p data-start=\"1448\" data-end=\"1568\"><strong data-start=\"1448\" data-end=\"1504\">Reforma a la Ley Org\u00e1nica de Educaci\u00f3n Intercultural<\/strong>, para actualizar el marco legal frente a los desaf\u00edos actuales.<\/p>\n<\/li>\n<li data-start=\"1570\" data-end=\"1706\">\n<p data-start=\"1573\" data-end=\"1706\"><strong data-start=\"1573\" data-end=\"1616\">Emisi\u00f3n de un nuevo acuerdo ministerial<\/strong> que regule el ingreso de la fuerza p\u00fablica a los planteles en casos de riesgo comprobado.<\/p>\n<\/li>\n<li data-start=\"1708\" data-end=\"1840\">\n<p data-start=\"1711\" data-end=\"1840\"><strong data-start=\"1711\" data-end=\"1741\">Creaci\u00f3n del COE Educativo<\/strong>, un Comit\u00e9 Nacional de Emergencias para coordinar respuestas inmediatas ante incidentes escolares.<\/p>\n<\/li>\n<li data-start=\"1842\" data-end=\"1973\">\n<p data-start=\"1845\" data-end=\"1973\"><strong data-start=\"1845\" data-end=\"1900\">Revisi\u00f3n y actualizaci\u00f3n de protocolos de actuaci\u00f3n<\/strong> frente a amenazas o hechos violentos dentro de instituciones educativas.<\/p>\n<\/li>\n<li data-start=\"1975\" data-end=\"2128\">\n<p data-start=\"1978\" data-end=\"2128\"><strong data-start=\"1978\" data-end=\"2013\">Coordinaci\u00f3n interinstitucional<\/strong> con el Ministerio del Interior, la Fiscal\u00eda, la Asamblea Nacional, docentes y organizaciones de la sociedad civil.<\/p>\n<\/li>\n<li data-start=\"2130\" data-end=\"2269\">\n<p data-start=\"2133\" data-end=\"2269\"><strong data-start=\"2133\" data-end=\"2169\">Adecuaci\u00f3n de horarios escolares<\/strong> en zonas de alta conflictividad, para garantizar un entorno m\u00e1s seguro para estudiantes y docentes.<\/p>\n<\/li>\n<\/ol>\n<h3 data-start=\"2271\" data-end=\"2310\">Compromiso por una educaci\u00f3n en paz<\/h3>\n<p data-start=\"2312\" data-end=\"2507\">Con esta pol\u00edtica, el Gobierno Nacional reafirma su compromiso de proteger a la comunidad educativa, asegurando que el derecho a la educaci\u00f3n se ejerza en condiciones de seguridad y tranquilidad.<\/p>\n<p><\/p>\n<\/body>","protected":false},"excerpt":{"rendered":"<p>Quito, 30 de junio de 2025. \u2013 Desde el Palacio de Carondelet, la vocera presidencial Carolina Jaramillo present\u00f3 el Plan \u201cNos Cuidamos\u201d, una nueva pol\u00edtica de Estado que busca enfrentar la violencia en entornos escolares y garantizar el derecho a la educaci\u00f3n sin miedo. Durante su intervenci\u00f3n, Jaramillo se\u00f1al\u00f3 que el objetivo central del plan [&hellip;]<\/p>\n","protected":false},"author":4,"featured_media":21147,"comment_status":"closed","ping_status":"closed","sticky":false,"template":"","format":"standard","meta":{"om_disable_all_campaigns":false,"_joinchat":[],"footnotes":""},"categories":[30],"tags":[],"class_list":["post-21145","post","type-post","status-publish","format-standard","has-post-thumbnail","hentry","category-el-pais"],"_links":{"self":[{"href":"https:\/\/zaracaytv.com\/index.php?rest_route=\/wp\/v2\/posts\/21145","targetHints":{"allow":["GET"]}}],"collection":[{"href":"https:\/\/zaracaytv.com\/index.php?rest_route=\/wp\/v2\/posts"}],"about":[{"href":"https:\/\/zaracaytv.com\/index.php?rest_route=\/wp\/v2\/types\/post"}],"author":[{"embeddable":true,"href":"https:\/\/zaracaytv.com\/index.php?rest_route=\/wp\/v2\/users\/4"}],"replies":[{"embeddable":true,"href":"https:\/\/zaracaytv.com\/index.php?rest_route=%2Fwp%2Fv2%2Fcomments&post=21145"}],"version-history":[{"count":1,"href":"https:\/\/zaracaytv.com\/index.php?rest_route=\/wp\/v2\/posts\/21145\/revisions"}],"predecessor-version":[{"id":21148,"href":"https:\/\/zaracaytv.com\/index.php?rest_route=\/wp\/v2\/posts\/21145\/revisions\/21148"}],"wp:featuredmedia":[{"embeddable":true,"href":"https:\/\/zaracaytv.com\/index.php?rest_route=\/wp\/v2\/media\/21147"}],"wp:attachment":[{"href":"https:\/\/zaracaytv.com\/index.php?rest_route=%2Fwp%2Fv2%2Fmedia&parent=21145"}],"wp:term":[{"taxonomy":"category","embeddable":true,"href":"https:\/\/zaracaytv.com\/index.php?rest_route=%2Fwp%2Fv2%2Fcategories&post=21145"},{"taxonomy":"post_tag","embeddable":true,"href":"https:\/\/zaracaytv.com\/index.php?rest_route=%2Fwp%2Fv2%2Ftags&post=21145"}],"curies":[{"name":"wp","href":"https:\/\/api.w.org\/{rel}","templated":true}]}}