{"id":21138,"date":"2025-06-30T10:36:35","date_gmt":"2025-06-30T15:36:35","guid":{"rendered":"https:\/\/zaracaytv.com\/?p=21138"},"modified":"2025-06-30T10:36:35","modified_gmt":"2025-06-30T15:36:35","slug":"cuidadores-de-carros-denunciaron-que-la-calle-rio-tanti-se-esta-usando-como-parqueadero","status":"publish","type":"post","link":"https:\/\/zaracaytv.com\/?p=21138","title":{"rendered":"CUIDADORES DE CARROS DENUNCIARON QUE LA CALLE R\u00cdO TANTI SE EST\u00c1 USANDO COMO PARQUEADERO"},"content":{"rendered":"<body><p><\/p><span style=\"font-weight: 400;\"><img loading=\"lazy\" decoding=\"async\" class=\"size-medium wp-image-21139 alignleft\" src=\"https:\/\/zaracaytv.com\/wp-content\/uploads\/2025\/06\/hujky-300x165.png\" alt=\"\" width=\"300\" height=\"165\" loading=\"lazy\" srcset=\"https:\/\/zaracaytv.com\/wp-content\/uploads\/2025\/06\/hujky-300x165.png 300w, https:\/\/zaracaytv.com\/wp-content\/uploads\/2025\/06\/hujky-1024x565.png 1024w, https:\/\/zaracaytv.com\/wp-content\/uploads\/2025\/06\/hujky-768x424.png 768w, https:\/\/zaracaytv.com\/wp-content\/uploads\/2025\/06\/hujky-1536x847.png 1536w, https:\/\/zaracaytv.com\/wp-content\/uploads\/2025\/06\/hujky-570x314.png 570w, https:\/\/zaracaytv.com\/wp-content\/uploads\/2025\/06\/hujky-270x149.png 270w, https:\/\/zaracaytv.com\/wp-content\/uploads\/2025\/06\/hujky.png 1610w\" sizes=\"auto, (max-width: 300px) 100vw, 300px\" \/>Una parte del tramo de la calle R\u00edo Tanti junto al Recinto Ferial de Santo Domingo en el sector de la 9 de Diciembre est\u00e1 siendo usada como parqueadero privado afirmaron los cuidadores de carros de la localidad, quienes expusieron que se han colocado vallas de seguridad no permiten el paso.<\/span>\n<p><span style=\"font-weight: 400;\">Los ciudadanos explican que llevan a\u00f1os realizando este trabajo en el sector y es la primera vez que se toma parte de la calle para usarla como parqueadero de la feria.<\/span><\/p>\n<p><span style=\"font-weight: 400;\">Sin embargo, al consultar a la persona encargada contaba con los permisos necesarios para usar este espacio durante los d\u00edas de la feria. Jonathan Acu\u00f1a, organizador de la feria manifest\u00f3 que esta medida se tom\u00f3 tras el robo de veh\u00edculos se dieron el a\u00f1o pasado en el punto.<\/span><\/p>\n<p><span style=\"font-weight: 400;\">Los organizadores de la feria, adem\u00e1s, se\u00f1alaron que la calle R\u00edo Tanto no se encuentra cerrada, hay paso controlado por el acceso y se ha colocado guardias privados para la seguridad de los usuarios.<\/span><\/p>\n<\/body>","protected":false},"excerpt":{"rendered":"<p>Una parte del tramo de la calle R\u00edo Tanti junto al Recinto Ferial de Santo Domingo en el sector de la 9 de Diciembre est\u00e1 siendo usada como parqueadero privado afirmaron los cuidadores de carros de la localidad, quienes expusieron que se han colocado vallas de seguridad no permiten el paso. Los ciudadanos explican que [&hellip;]<\/p>\n","protected":false},"author":4,"featured_media":21139,"comment_status":"closed","ping_status":"closed","sticky":false,"template":"","format":"standard","meta":{"om_disable_all_campaigns":false,"_joinchat":[],"footnotes":""},"categories":[31],"tags":[],"class_list":["post-21138","post","type-post","status-publish","format-standard","has-post-thumbnail","hentry","category-la-region"],"_links":{"self":[{"href":"https:\/\/zaracaytv.com\/index.php?rest_route=\/wp\/v2\/posts\/21138","targetHints":{"allow":["GET"]}}],"collection":[{"href":"https:\/\/zaracaytv.com\/index.php?rest_route=\/wp\/v2\/posts"}],"about":[{"href":"https:\/\/zaracaytv.com\/index.php?rest_route=\/wp\/v2\/types\/post"}],"author":[{"embeddable":true,"href":"https:\/\/zaracaytv.com\/index.php?rest_route=\/wp\/v2\/users\/4"}],"replies":[{"embeddable":true,"href":"https:\/\/zaracaytv.com\/index.php?rest_route=%2Fwp%2Fv2%2Fcomments&post=21138"}],"version-history":[{"count":2,"href":"https:\/\/zaracaytv.com\/index.php?rest_route=\/wp\/v2\/posts\/21138\/revisions"}],"predecessor-version":[{"id":21146,"href":"https:\/\/zaracaytv.com\/index.php?rest_route=\/wp\/v2\/posts\/21138\/revisions\/21146"}],"wp:featuredmedia":[{"embeddable":true,"href":"https:\/\/zaracaytv.com\/index.php?rest_route=\/wp\/v2\/media\/21139"}],"wp:attachment":[{"href":"https:\/\/zaracaytv.com\/index.php?rest_route=%2Fwp%2Fv2%2Fmedia&parent=21138"}],"wp:term":[{"taxonomy":"category","embeddable":true,"href":"https:\/\/zaracaytv.com\/index.php?rest_route=%2Fwp%2Fv2%2Fcategories&post=21138"},{"taxonomy":"post_tag","embeddable":true,"href":"https:\/\/zaracaytv.com\/index.php?rest_route=%2Fwp%2Fv2%2Ftags&post=21138"}],"curies":[{"name":"wp","href":"https:\/\/api.w.org\/{rel}","templated":true}]}}