{"id":21135,"date":"2025-06-30T10:23:21","date_gmt":"2025-06-30T15:23:21","guid":{"rendered":"https:\/\/zaracaytv.com\/?p=21135"},"modified":"2025-06-30T10:29:37","modified_gmt":"2025-06-30T15:29:37","slug":"presunto-delincuente-fue-abatido-en-la-coop-union-civica","status":"publish","type":"post","link":"https:\/\/zaracaytv.com\/?p=21135","title":{"rendered":"PRESUNTO DELINCUENTE FUE ABATIDO EN LA COOP. UNI\u00d3N C\u00cdVICA"},"content":{"rendered":"<body><p><\/p>\n<p data-start=\"200\" data-end=\"458\"><img loading=\"lazy\" decoding=\"async\" class=\"size-medium wp-image-21136 alignleft\" src=\"https:\/\/zaracaytv.com\/wp-content\/uploads\/2025\/06\/rtuh56-300x169.png\" alt=\"\" width=\"300\" height=\"169\" loading=\"lazy\" srcset=\"https:\/\/zaracaytv.com\/wp-content\/uploads\/2025\/06\/rtuh56-300x169.png 300w, https:\/\/zaracaytv.com\/wp-content\/uploads\/2025\/06\/rtuh56-1024x576.png 1024w, https:\/\/zaracaytv.com\/wp-content\/uploads\/2025\/06\/rtuh56-768x432.png 768w, https:\/\/zaracaytv.com\/wp-content\/uploads\/2025\/06\/rtuh56-1536x863.png 1536w, https:\/\/zaracaytv.com\/wp-content\/uploads\/2025\/06\/rtuh56-570x320.png 570w, https:\/\/zaracaytv.com\/wp-content\/uploads\/2025\/06\/rtuh56-270x152.png 270w, https:\/\/zaracaytv.com\/wp-content\/uploads\/2025\/06\/rtuh56.png 1587w\" sizes=\"auto, (max-width: 300px) 100vw, 300px\" \/>Un presunto delincuente fue abatido por un polic\u00eda la tarde del s\u00e1bado 28 de junio en el sector de la Uni\u00f3n C\u00edvica. Seg\u00fan versiones preliminares, el fallecido habr\u00eda intentado asaltar al uniformado, quien se encontraba dentro de un establecimiento comercial.<\/p>\n<p data-start=\"460\" data-end=\"668\">Durante el tiroteo, otra persona result\u00f3 herida, seg\u00fan informaci\u00f3n extraoficial. Hasta el momento, la Polic\u00eda Nacional no ha emitido un pronunciamiento oficial, ya que el caso se encuentra bajo investigaci\u00f3n.<\/p>\n<p data-start=\"670\" data-end=\"854\">El hecho caus\u00f3 conmoci\u00f3n entre los moradores, quienes, por temor a represalias, evitaron dar declaraciones. Sin embargo, algunos vecinos confirmaron haber escuchado sobre el incidente.<\/p>\n<p data-start=\"856\" data-end=\"1090\">Habitantes del sector se\u00f1alaron que esta no es la primera situaci\u00f3n violenta que se registra en la zona. Por ello, aseguran que muchas familias optan por permanecer encerradas en sus viviendas para evitar exponerse a posibles riesgos.<\/p>\n<p data-start=\"1092\" data-end=\"1281\">Finalmente, la comunidad hizo un llamado al bloque de seguridad para que refuerce los patrullajes y realice operativos que contribuyan a disminuir la presencia de antisociales en el sector.<\/p>\n<p><\/p>\n<\/body>","protected":false},"excerpt":{"rendered":"<p>Un presunto delincuente fue abatido por un polic\u00eda la tarde del s\u00e1bado 28 de junio en el sector de la Uni\u00f3n C\u00edvica. Seg\u00fan versiones preliminares, el fallecido habr\u00eda intentado asaltar al uniformado, quien se encontraba dentro de un establecimiento comercial. Durante el tiroteo, otra persona result\u00f3 herida, seg\u00fan informaci\u00f3n extraoficial. Hasta el momento, la Polic\u00eda [&hellip;]<\/p>\n","protected":false},"author":4,"featured_media":21136,"comment_status":"closed","ping_status":"closed","sticky":false,"template":"","format":"standard","meta":{"om_disable_all_campaigns":false,"_joinchat":[],"footnotes":""},"categories":[48],"tags":[],"class_list":["post-21135","post","type-post","status-publish","format-standard","has-post-thumbnail","hentry","category-cronica-roja"],"_links":{"self":[{"href":"https:\/\/zaracaytv.com\/index.php?rest_route=\/wp\/v2\/posts\/21135","targetHints":{"allow":["GET"]}}],"collection":[{"href":"https:\/\/zaracaytv.com\/index.php?rest_route=\/wp\/v2\/posts"}],"about":[{"href":"https:\/\/zaracaytv.com\/index.php?rest_route=\/wp\/v2\/types\/post"}],"author":[{"embeddable":true,"href":"https:\/\/zaracaytv.com\/index.php?rest_route=\/wp\/v2\/users\/4"}],"replies":[{"embeddable":true,"href":"https:\/\/zaracaytv.com\/index.php?rest_route=%2Fwp%2Fv2%2Fcomments&post=21135"}],"version-history":[{"count":1,"href":"https:\/\/zaracaytv.com\/index.php?rest_route=\/wp\/v2\/posts\/21135\/revisions"}],"predecessor-version":[{"id":21137,"href":"https:\/\/zaracaytv.com\/index.php?rest_route=\/wp\/v2\/posts\/21135\/revisions\/21137"}],"wp:featuredmedia":[{"embeddable":true,"href":"https:\/\/zaracaytv.com\/index.php?rest_route=\/wp\/v2\/media\/21136"}],"wp:attachment":[{"href":"https:\/\/zaracaytv.com\/index.php?rest_route=%2Fwp%2Fv2%2Fmedia&parent=21135"}],"wp:term":[{"taxonomy":"category","embeddable":true,"href":"https:\/\/zaracaytv.com\/index.php?rest_route=%2Fwp%2Fv2%2Fcategories&post=21135"},{"taxonomy":"post_tag","embeddable":true,"href":"https:\/\/zaracaytv.com\/index.php?rest_route=%2Fwp%2Fv2%2Ftags&post=21135"}],"curies":[{"name":"wp","href":"https:\/\/api.w.org\/{rel}","templated":true}]}}