{"id":21120,"date":"2025-06-27T16:57:02","date_gmt":"2025-06-27T21:57:02","guid":{"rendered":"https:\/\/zaracaytv.com\/?p=21120"},"modified":"2025-06-27T16:57:02","modified_gmt":"2025-06-27T21:57:02","slug":"el-retiro-de-torniquetes-de-buses-urbanos-no-se-ha-cumplido-en-su-totalidad","status":"publish","type":"post","link":"https:\/\/zaracaytv.com\/?p=21120","title":{"rendered":"EL RETIRO DE TORNIQUETES DE BUSES URBANOS NO SE HA CUMPLIDO EN SU TOTALIDAD"},"content":{"rendered":"<body><p><\/p><img loading=\"lazy\" decoding=\"async\" class=\"size-medium wp-image-21121 alignleft\" src=\"https:\/\/zaracaytv.com\/wp-content\/uploads\/2025\/06\/fngrtgnbtjh-300x110.png\" alt=\"\" width=\"300\" height=\"110\" loading=\"lazy\" srcset=\"https:\/\/zaracaytv.com\/wp-content\/uploads\/2025\/06\/fngrtgnbtjh-300x110.png 300w, https:\/\/zaracaytv.com\/wp-content\/uploads\/2025\/06\/fngrtgnbtjh-1024x374.png 1024w, https:\/\/zaracaytv.com\/wp-content\/uploads\/2025\/06\/fngrtgnbtjh-768x281.png 768w, https:\/\/zaracaytv.com\/wp-content\/uploads\/2025\/06\/fngrtgnbtjh-1536x562.png 1536w, https:\/\/zaracaytv.com\/wp-content\/uploads\/2025\/06\/fngrtgnbtjh-570x208.png 570w, https:\/\/zaracaytv.com\/wp-content\/uploads\/2025\/06\/fngrtgnbtjh-270x99.png 270w, https:\/\/zaracaytv.com\/wp-content\/uploads\/2025\/06\/fngrtgnbtjh.png 1581w\" sizes=\"auto, (max-width: 300px) 100vw, 300px\" \/>El 80% de las unidades de buses urbanos de Santo Domingo, a las cuales se les orden\u00f3 el retiro de los torniquetes desde el 5 de junio, en un lapso de 30 d\u00edas, al aceptarse la acci\u00f3n de protecci\u00f3n interpuesta por dos concejales del cant\u00f3n y personas con discapacidad, han cumplido con la resoluci\u00f3n, explic\u00f3 Julio Calero, edil de la ciudad, quien manifest\u00f3 que dichas empresas ten\u00edan que pedir disculpas p\u00fablicas a la ciudadan\u00eda, pero esto no se cumpli\u00f3.\n<p>Rosa Lupercio, Veedora Ciudadana, manifest\u00f3 que dentro de estas disposiciones tambi\u00e9n estaba la obligatoriedad de las tres cooperativas de capacitar a los choferes de las unidades en materia de derechos humanos y el buen trato a las personas con discapacidad y a los usuarios en general, seg\u00fan ella, esto tampoco se ha cumplido.<\/p>\n<p>Los socios de las cooperativas expusieron ante los concejales como Mario Pazmi\u00f1o, las p\u00e9rdidas que representa para ellos el retiro de los torniquetes, pues fue una inversi\u00f3n fuerte en el 100% de las unidades de las tres cooperativas que integran el consorcio M\u00edo.<\/p>\n<p>El seguimiento de las disposiciones de la jueza Susana Sotomayor deber\u00e1 realizarlo la Defensor\u00eda del Pueblo, quien le otorg\u00f3 5 d\u00edas a la entidad para que informe el cumplimiento de la sentencia. Buscamos una entrevista con el gerente del Consorcio Mio, sin embargo, hasta el cierre de esta nota no obtuvimos respuesta.<\/p>\n<\/body>","protected":false},"excerpt":{"rendered":"<p>El 80% de las unidades de buses urbanos de Santo Domingo, a las cuales se les orden\u00f3 el retiro de los torniquetes desde el 5 de junio, en un lapso de 30 d\u00edas, al aceptarse la acci\u00f3n de protecci\u00f3n interpuesta por dos concejales del cant\u00f3n y personas con discapacidad, han cumplido con la resoluci\u00f3n, explic\u00f3 [&hellip;]<\/p>\n","protected":false},"author":7,"featured_media":21121,"comment_status":"closed","ping_status":"closed","sticky":false,"template":"","format":"standard","meta":{"om_disable_all_campaigns":false,"_joinchat":[],"footnotes":""},"categories":[31],"tags":[],"class_list":["post-21120","post","type-post","status-publish","format-standard","has-post-thumbnail","hentry","category-la-region"],"_links":{"self":[{"href":"https:\/\/zaracaytv.com\/index.php?rest_route=\/wp\/v2\/posts\/21120","targetHints":{"allow":["GET"]}}],"collection":[{"href":"https:\/\/zaracaytv.com\/index.php?rest_route=\/wp\/v2\/posts"}],"about":[{"href":"https:\/\/zaracaytv.com\/index.php?rest_route=\/wp\/v2\/types\/post"}],"author":[{"embeddable":true,"href":"https:\/\/zaracaytv.com\/index.php?rest_route=\/wp\/v2\/users\/7"}],"replies":[{"embeddable":true,"href":"https:\/\/zaracaytv.com\/index.php?rest_route=%2Fwp%2Fv2%2Fcomments&post=21120"}],"version-history":[{"count":1,"href":"https:\/\/zaracaytv.com\/index.php?rest_route=\/wp\/v2\/posts\/21120\/revisions"}],"predecessor-version":[{"id":21122,"href":"https:\/\/zaracaytv.com\/index.php?rest_route=\/wp\/v2\/posts\/21120\/revisions\/21122"}],"wp:featuredmedia":[{"embeddable":true,"href":"https:\/\/zaracaytv.com\/index.php?rest_route=\/wp\/v2\/media\/21121"}],"wp:attachment":[{"href":"https:\/\/zaracaytv.com\/index.php?rest_route=%2Fwp%2Fv2%2Fmedia&parent=21120"}],"wp:term":[{"taxonomy":"category","embeddable":true,"href":"https:\/\/zaracaytv.com\/index.php?rest_route=%2Fwp%2Fv2%2Fcategories&post=21120"},{"taxonomy":"post_tag","embeddable":true,"href":"https:\/\/zaracaytv.com\/index.php?rest_route=%2Fwp%2Fv2%2Ftags&post=21120"}],"curies":[{"name":"wp","href":"https:\/\/api.w.org\/{rel}","templated":true}]}}