{"id":21117,"date":"2025-06-27T16:54:08","date_gmt":"2025-06-27T21:54:08","guid":{"rendered":"https:\/\/zaracaytv.com\/?p=21117"},"modified":"2025-06-27T16:54:08","modified_gmt":"2025-06-27T21:54:08","slug":"pacientes-que-realizan-dialisis-siguen-preocupados-por-la-reduccion-de-tiempo-de-sus-tratamientos","status":"publish","type":"post","link":"https:\/\/zaracaytv.com\/?p=21117","title":{"rendered":"PACIENTES QUE REALIZAN DI\u00c1LISIS SIGUEN PREOCUPADOS POR LA REDUCCI\u00d3N DE TIEMPO DE SUS TRATAMIENTOS"},"content":{"rendered":"<body><p><\/p><img loading=\"lazy\" decoding=\"async\" class=\"size-medium wp-image-21118 alignleft\" src=\"https:\/\/zaracaytv.com\/wp-content\/uploads\/2025\/06\/dfbnrhgr-300x150.png\" alt=\"\" width=\"300\" height=\"150\" loading=\"lazy\" srcset=\"https:\/\/zaracaytv.com\/wp-content\/uploads\/2025\/06\/dfbnrhgr-300x150.png 300w, https:\/\/zaracaytv.com\/wp-content\/uploads\/2025\/06\/dfbnrhgr-1024x513.png 1024w, https:\/\/zaracaytv.com\/wp-content\/uploads\/2025\/06\/dfbnrhgr-768x385.png 768w, https:\/\/zaracaytv.com\/wp-content\/uploads\/2025\/06\/dfbnrhgr-570x285.png 570w, https:\/\/zaracaytv.com\/wp-content\/uploads\/2025\/06\/dfbnrhgr-270x135.png 270w, https:\/\/zaracaytv.com\/wp-content\/uploads\/2025\/06\/dfbnrhgr.png 1374w\" sizes=\"auto, (max-width: 300px) 100vw, 300px\" \/>Este viernes 27 de junio, algunos pacientes renales que reciben sus tratamientos en la cl\u00ednica del Ri\u00f1\u00f3n, de la ciudad de Santo Domingo, fueron sorprendidos al conocer de la suspensi\u00f3n del servicio de recorrido que les brindaba el centro especializado. Ellos creen que son medidas de represalia por reclamar la reducci\u00f3n de una hora a sus di\u00e1lisis que se realizan los d\u00edas lunes, mi\u00e9rcoles y viernes. Eran 4 horas, pero ahora reciben 3.\n<p>Describieron que el escenario es complicado. En el momento de nuestra cobertura, una mujer lleg\u00f3 en el balde de una camioneta, otros deben pagar taxis porque su condici\u00f3n de salud no les permite tomar un transporte p\u00fablico.<\/p>\n<p>Desde la cl\u00ednica se inform\u00f3 que la reducci\u00f3n de una hora se da por la falta de pagos del Gobierno Central y la medida se tom\u00f3 solo para los pacientes derivados del Ministerio de Salud P\u00fablica y del Instituto Ecuatoriano de Seguridad Social (IESS). Ellos denunciaron que la instituci\u00f3n estar\u00eda facturando por el servicio completo de las 4 horas cada d\u00eda.<\/p>\n<p>Se conoce que la deuda con las cl\u00ednicas del cant\u00f3n supera los 10 millones de d\u00f3lares. Algunos centros de di\u00e1lisis se han visto obligados a reducir la frecuencia de las sesiones, pasando de tres a solo dos veces por semana. A nivel nacional el Estado les adeuda m\u00e1s de 150 millones de d\u00f3lares seg\u00fan las Dializadoras. Afirman que los pagos realizados no son suficientes para superar la crisis que afecta a m\u00e1s de 17 mil personas en el pa\u00eds.<\/p>\n<\/body>","protected":false},"excerpt":{"rendered":"<p>Este viernes 27 de junio, algunos pacientes renales que reciben sus tratamientos en la cl\u00ednica del Ri\u00f1\u00f3n, de la ciudad de Santo Domingo, fueron sorprendidos al conocer de la suspensi\u00f3n del servicio de recorrido que les brindaba el centro especializado. Ellos creen que son medidas de represalia por reclamar la reducci\u00f3n de una hora a [&hellip;]<\/p>\n","protected":false},"author":7,"featured_media":21118,"comment_status":"closed","ping_status":"closed","sticky":false,"template":"","format":"standard","meta":{"om_disable_all_campaigns":false,"_joinchat":[],"footnotes":""},"categories":[31],"tags":[],"class_list":["post-21117","post","type-post","status-publish","format-standard","has-post-thumbnail","hentry","category-la-region"],"_links":{"self":[{"href":"https:\/\/zaracaytv.com\/index.php?rest_route=\/wp\/v2\/posts\/21117","targetHints":{"allow":["GET"]}}],"collection":[{"href":"https:\/\/zaracaytv.com\/index.php?rest_route=\/wp\/v2\/posts"}],"about":[{"href":"https:\/\/zaracaytv.com\/index.php?rest_route=\/wp\/v2\/types\/post"}],"author":[{"embeddable":true,"href":"https:\/\/zaracaytv.com\/index.php?rest_route=\/wp\/v2\/users\/7"}],"replies":[{"embeddable":true,"href":"https:\/\/zaracaytv.com\/index.php?rest_route=%2Fwp%2Fv2%2Fcomments&post=21117"}],"version-history":[{"count":1,"href":"https:\/\/zaracaytv.com\/index.php?rest_route=\/wp\/v2\/posts\/21117\/revisions"}],"predecessor-version":[{"id":21119,"href":"https:\/\/zaracaytv.com\/index.php?rest_route=\/wp\/v2\/posts\/21117\/revisions\/21119"}],"wp:featuredmedia":[{"embeddable":true,"href":"https:\/\/zaracaytv.com\/index.php?rest_route=\/wp\/v2\/media\/21118"}],"wp:attachment":[{"href":"https:\/\/zaracaytv.com\/index.php?rest_route=%2Fwp%2Fv2%2Fmedia&parent=21117"}],"wp:term":[{"taxonomy":"category","embeddable":true,"href":"https:\/\/zaracaytv.com\/index.php?rest_route=%2Fwp%2Fv2%2Fcategories&post=21117"},{"taxonomy":"post_tag","embeddable":true,"href":"https:\/\/zaracaytv.com\/index.php?rest_route=%2Fwp%2Fv2%2Ftags&post=21117"}],"curies":[{"name":"wp","href":"https:\/\/api.w.org\/{rel}","templated":true}]}}