{"id":21107,"date":"2025-06-26T19:21:40","date_gmt":"2025-06-27T00:21:40","guid":{"rendered":"https:\/\/zaracaytv.com\/?p=21107"},"modified":"2025-06-26T19:21:40","modified_gmt":"2025-06-27T00:21:40","slug":"parqueadero-del-mercado-central-sigue-sin-plumas-ni-buena-iluminacion","status":"publish","type":"post","link":"https:\/\/zaracaytv.com\/?p=21107","title":{"rendered":"PARQUEADERO DEL MERCADO CENTRAL SIGUE SIN PLUMAS NI BUENA ILUMINACI\u00d3N"},"content":{"rendered":"<body><p><\/p><img loading=\"lazy\" decoding=\"async\" class=\"size-medium wp-image-21108 alignleft\" src=\"https:\/\/zaracaytv.com\/wp-content\/uploads\/2025\/06\/drfhf-300x168.png\" alt=\"\" width=\"300\" height=\"168\" loading=\"lazy\" srcset=\"https:\/\/zaracaytv.com\/wp-content\/uploads\/2025\/06\/drfhf-300x168.png 300w, https:\/\/zaracaytv.com\/wp-content\/uploads\/2025\/06\/drfhf-1024x572.png 1024w, https:\/\/zaracaytv.com\/wp-content\/uploads\/2025\/06\/drfhf-768x429.png 768w, https:\/\/zaracaytv.com\/wp-content\/uploads\/2025\/06\/drfhf-1536x858.png 1536w, https:\/\/zaracaytv.com\/wp-content\/uploads\/2025\/06\/drfhf-570x318.png 570w, https:\/\/zaracaytv.com\/wp-content\/uploads\/2025\/06\/drfhf-270x151.png 270w, https:\/\/zaracaytv.com\/wp-content\/uploads\/2025\/06\/drfhf.png 1595w\" sizes=\"auto, (max-width: 300px) 100vw, 300px\" \/>M\u00e1s de dos meses han pasado y estos dispositivos del parqueadero del Mercado Municipal Central ubicado entre las calles Guayaquil y Ambato siguen sin funcionar. Los tacs, los sem\u00e1foros y las plumas son los equipos que presentan fallas y no est\u00e1n brindado el servicio a quienes quieren estacionar sus veh\u00edculos cuando hacen compras en la parte superior.\n<p>Muchos ciudadanos desconocen sobre la falla en estos equipos, por lo que demoran varios minutos en darse cuenta sobre el problema y generan tr\u00e1fico. Tan solo un diminuto cartel se ha colocado para informar a los clientes del mercado del da\u00f1o.<\/p>\n<p>Por otro lado, la iluminaci\u00f3n del parqueadero es escasa, por lo que muchos usan sus celulares para guiarse por el lugar. Los ciudadanos piden que se d\u00e9 mantenimiento a las diferentes instalaciones y se habilite de seis de la ma\u00f1ana a 18:00 la ocupaci\u00f3n de este espacio.<\/p>\n<p>Quienes circulan por la calle Ambato junto al mercado, solicitan adem\u00e1s que se intervenga en esta vereda, la cual se est\u00e1 hundiendo, con el pasar de los d\u00edas la situaci\u00f3n empeora y complica a los peatones transitar por el lugar.<\/p>\n<\/body>","protected":false},"excerpt":{"rendered":"<p>M\u00e1s de dos meses han pasado y estos dispositivos del parqueadero del Mercado Municipal Central ubicado entre las calles Guayaquil y Ambato siguen sin funcionar. Los tacs, los sem\u00e1foros y las plumas son los equipos que presentan fallas y no est\u00e1n brindado el servicio a quienes quieren estacionar sus veh\u00edculos cuando hacen compras en la [&hellip;]<\/p>\n","protected":false},"author":4,"featured_media":21108,"comment_status":"closed","ping_status":"closed","sticky":false,"template":"","format":"standard","meta":{"om_disable_all_campaigns":false,"_joinchat":[],"footnotes":""},"categories":[31],"tags":[],"class_list":["post-21107","post","type-post","status-publish","format-standard","has-post-thumbnail","hentry","category-la-region"],"_links":{"self":[{"href":"https:\/\/zaracaytv.com\/index.php?rest_route=\/wp\/v2\/posts\/21107","targetHints":{"allow":["GET"]}}],"collection":[{"href":"https:\/\/zaracaytv.com\/index.php?rest_route=\/wp\/v2\/posts"}],"about":[{"href":"https:\/\/zaracaytv.com\/index.php?rest_route=\/wp\/v2\/types\/post"}],"author":[{"embeddable":true,"href":"https:\/\/zaracaytv.com\/index.php?rest_route=\/wp\/v2\/users\/4"}],"replies":[{"embeddable":true,"href":"https:\/\/zaracaytv.com\/index.php?rest_route=%2Fwp%2Fv2%2Fcomments&post=21107"}],"version-history":[{"count":1,"href":"https:\/\/zaracaytv.com\/index.php?rest_route=\/wp\/v2\/posts\/21107\/revisions"}],"predecessor-version":[{"id":21109,"href":"https:\/\/zaracaytv.com\/index.php?rest_route=\/wp\/v2\/posts\/21107\/revisions\/21109"}],"wp:featuredmedia":[{"embeddable":true,"href":"https:\/\/zaracaytv.com\/index.php?rest_route=\/wp\/v2\/media\/21108"}],"wp:attachment":[{"href":"https:\/\/zaracaytv.com\/index.php?rest_route=%2Fwp%2Fv2%2Fmedia&parent=21107"}],"wp:term":[{"taxonomy":"category","embeddable":true,"href":"https:\/\/zaracaytv.com\/index.php?rest_route=%2Fwp%2Fv2%2Fcategories&post=21107"},{"taxonomy":"post_tag","embeddable":true,"href":"https:\/\/zaracaytv.com\/index.php?rest_route=%2Fwp%2Fv2%2Ftags&post=21107"}],"curies":[{"name":"wp","href":"https:\/\/api.w.org\/{rel}","templated":true}]}}