{"id":21103,"date":"2025-06-26T19:07:22","date_gmt":"2025-06-27T00:07:22","guid":{"rendered":"https:\/\/zaracaytv.com\/?p=21103"},"modified":"2025-06-26T19:07:22","modified_gmt":"2025-06-27T00:07:22","slug":"piden-mantenimiento-urgente-del-espaldon-en-by-pass-chone-quininde","status":"publish","type":"post","link":"https:\/\/zaracaytv.com\/?p=21103","title":{"rendered":"PIDEN MANTENIMIENTO URGENTE DEL ESPALD\u00d3N EN BY PASS CHONE-QUININD\u00c9"},"content":{"rendered":"<body><p><\/p><img loading=\"lazy\" decoding=\"async\" class=\"size-medium wp-image-21104 alignleft\" src=\"https:\/\/zaracaytv.com\/wp-content\/uploads\/2025\/06\/rturt0-300x169.png\" alt=\"\" width=\"300\" height=\"169\" loading=\"lazy\" srcset=\"https:\/\/zaracaytv.com\/wp-content\/uploads\/2025\/06\/rturt0-300x169.png 300w, https:\/\/zaracaytv.com\/wp-content\/uploads\/2025\/06\/rturt0-1024x577.png 1024w, https:\/\/zaracaytv.com\/wp-content\/uploads\/2025\/06\/rturt0-768x433.png 768w, https:\/\/zaracaytv.com\/wp-content\/uploads\/2025\/06\/rturt0-1536x866.png 1536w, https:\/\/zaracaytv.com\/wp-content\/uploads\/2025\/06\/rturt0-570x321.png 570w, https:\/\/zaracaytv.com\/wp-content\/uploads\/2025\/06\/rturt0-270x152.png 270w, https:\/\/zaracaytv.com\/wp-content\/uploads\/2025\/06\/rturt0.png 1621w\" sizes=\"auto, (max-width: 300px) 100vw, 300px\" \/>La maleza ha ganado terreno y es visible en el espald\u00f3n del by pass Chone- Quinind\u00e9, a la altura de la entrada a la coop. Heriberto Maldonado. Esto afecta a quienes se ven obligados a transitar por el sitio porque se exponen a ser atropellados, ya que es una v\u00eda estatal y carece de veredas.\n<p>Los ciudadanos piden realizar el mantenimiento respectivo, m\u00e1s ahora cuando se celebran las festividades por los 58 a\u00f1os de cantonizaci\u00f3n de Santo Domingo y muchos turistas llegan a visitar la ciudad. En este sector, los espacios ornamentales lucen descuidados. La maleza acompa\u00f1ada de la basura afecta la imagen de la zona. <img loading=\"lazy\" decoding=\"async\" class=\"size-medium wp-image-21105 alignright\" src=\"https:\/\/zaracaytv.com\/wp-content\/uploads\/2025\/06\/rt6ufh-300x182.png\" alt=\"\" width=\"300\" height=\"182\" loading=\"lazy\" srcset=\"https:\/\/zaracaytv.com\/wp-content\/uploads\/2025\/06\/rt6ufh-300x182.png 300w, https:\/\/zaracaytv.com\/wp-content\/uploads\/2025\/06\/rt6ufh-1024x623.png 1024w, https:\/\/zaracaytv.com\/wp-content\/uploads\/2025\/06\/rt6ufh-768x467.png 768w, https:\/\/zaracaytv.com\/wp-content\/uploads\/2025\/06\/rt6ufh-543x330.png 543w, https:\/\/zaracaytv.com\/wp-content\/uploads\/2025\/06\/rt6ufh-270x164.png 270w, https:\/\/zaracaytv.com\/wp-content\/uploads\/2025\/06\/rt6ufh.png 1516w\" sizes=\"auto, (max-width: 300px) 100vw, 300px\" \/><\/p>\n<p>Los conductores indicaron que estos escenarios son peligrosos, porque quienes se movilizan en bicicletas, principalmente, tambi\u00e9n est\u00e1n obligados a salir al carril, por lo que un descuido podr\u00eda provocar un accidente de tr\u00e1nsito.<\/p>\n<p>En este sector, que es muy transitado por los veh\u00edculos y se genera congesti\u00f3n vehicular por una unidad educativa, suelen fallar los contadores ubicados junto a las c\u00e1maras de fotorrojo. Un tema que causa malestar a los conductores y que en ocasiones han\u00a0 incidido en accidentes de tr\u00e1nsito, afirmaron los moradores del lugar.<\/p>\n<\/body>","protected":false},"excerpt":{"rendered":"<p>La maleza ha ganado terreno y es visible en el espald\u00f3n del by pass Chone- Quinind\u00e9, a la altura de la entrada a la coop. Heriberto Maldonado. Esto afecta a quienes se ven obligados a transitar por el sitio porque se exponen a ser atropellados, ya que es una v\u00eda estatal y carece de veredas. [&hellip;]<\/p>\n","protected":false},"author":4,"featured_media":21105,"comment_status":"closed","ping_status":"closed","sticky":false,"template":"","format":"standard","meta":{"om_disable_all_campaigns":false,"_joinchat":[],"footnotes":""},"categories":[25],"tags":[],"class_list":["post-21103","post","type-post","status-publish","format-standard","has-post-thumbnail","hentry","category-la-comunidad"],"_links":{"self":[{"href":"https:\/\/zaracaytv.com\/index.php?rest_route=\/wp\/v2\/posts\/21103","targetHints":{"allow":["GET"]}}],"collection":[{"href":"https:\/\/zaracaytv.com\/index.php?rest_route=\/wp\/v2\/posts"}],"about":[{"href":"https:\/\/zaracaytv.com\/index.php?rest_route=\/wp\/v2\/types\/post"}],"author":[{"embeddable":true,"href":"https:\/\/zaracaytv.com\/index.php?rest_route=\/wp\/v2\/users\/4"}],"replies":[{"embeddable":true,"href":"https:\/\/zaracaytv.com\/index.php?rest_route=%2Fwp%2Fv2%2Fcomments&post=21103"}],"version-history":[{"count":1,"href":"https:\/\/zaracaytv.com\/index.php?rest_route=\/wp\/v2\/posts\/21103\/revisions"}],"predecessor-version":[{"id":21106,"href":"https:\/\/zaracaytv.com\/index.php?rest_route=\/wp\/v2\/posts\/21103\/revisions\/21106"}],"wp:featuredmedia":[{"embeddable":true,"href":"https:\/\/zaracaytv.com\/index.php?rest_route=\/wp\/v2\/media\/21105"}],"wp:attachment":[{"href":"https:\/\/zaracaytv.com\/index.php?rest_route=%2Fwp%2Fv2%2Fmedia&parent=21103"}],"wp:term":[{"taxonomy":"category","embeddable":true,"href":"https:\/\/zaracaytv.com\/index.php?rest_route=%2Fwp%2Fv2%2Fcategories&post=21103"},{"taxonomy":"post_tag","embeddable":true,"href":"https:\/\/zaracaytv.com\/index.php?rest_route=%2Fwp%2Fv2%2Ftags&post=21103"}],"curies":[{"name":"wp","href":"https:\/\/api.w.org\/{rel}","templated":true}]}}