{"id":21096,"date":"2025-06-26T18:49:06","date_gmt":"2025-06-26T23:49:06","guid":{"rendered":"https:\/\/zaracaytv.com\/?p=21096"},"modified":"2025-06-26T18:49:06","modified_gmt":"2025-06-26T23:49:06","slug":"45-obras-se-exhibieron-en-el-noveno-encuentro-del-arte-en-santo-domingo","status":"publish","type":"post","link":"https:\/\/zaracaytv.com\/?p=21096","title":{"rendered":"45 OBRAS SE EXHIBIERON EN EL NOVENO ENCUENTRO DEL ARTE EN SANTO DOMINGO"},"content":{"rendered":"<body><p><\/p><img loading=\"lazy\" decoding=\"async\" class=\"size-medium wp-image-21097 alignleft\" src=\"https:\/\/zaracaytv.com\/wp-content\/uploads\/2025\/06\/oi-300x162.png\" alt=\"\" width=\"300\" height=\"162\" loading=\"lazy\" srcset=\"https:\/\/zaracaytv.com\/wp-content\/uploads\/2025\/06\/oi-300x162.png 300w, https:\/\/zaracaytv.com\/wp-content\/uploads\/2025\/06\/oi-1024x551.png 1024w, https:\/\/zaracaytv.com\/wp-content\/uploads\/2025\/06\/oi-768x414.png 768w, https:\/\/zaracaytv.com\/wp-content\/uploads\/2025\/06\/oi-1536x827.png 1536w, https:\/\/zaracaytv.com\/wp-content\/uploads\/2025\/06\/oi-570x307.png 570w, https:\/\/zaracaytv.com\/wp-content\/uploads\/2025\/06\/oi-270x145.png 270w, https:\/\/zaracaytv.com\/wp-content\/uploads\/2025\/06\/oi.png 1597w\" sizes=\"auto, (max-width: 300px) 100vw, 300px\" \/>Santo Domingo fue el escenario del Noveno Encuentro Nacional de las Artes, un evento lleno de cultura y creatividad que reuni\u00f3 a artistas de diversas partes del pa\u00eds. La actividad, organizada por la Corporaci\u00f3n Educativa Nueva Acr\u00f3polis, se desarroll\u00f3 con gran acogida en el espacio ubicado entre las calles 6 de Noviembre y Juan Eg\u00fcez, en la plaza de El Colono. C\u00e9sar Ayala destac\u00f3 la importancia de este tipo de espacios para visibilizar el talento art\u00edstico que existe en Ecuador.\n<p>Uno de los momentos m\u00e1s emotivos del evento fue el recital de poes\u00eda, donde participaron artistas locales. Marianella S\u00e1nchez cautiv\u00f3 a los presentes con poemas dedicados a Santo Domingo y otros inspirados en el amor, la esperanza y la fe. <img loading=\"lazy\" decoding=\"async\" class=\"size-medium wp-image-21098 alignright\" src=\"https:\/\/zaracaytv.com\/wp-content\/uploads\/2025\/06\/ytu7i678-300x173.png\" alt=\"\" width=\"300\" height=\"173\" loading=\"lazy\" srcset=\"https:\/\/zaracaytv.com\/wp-content\/uploads\/2025\/06\/ytu7i678-300x173.png 300w, https:\/\/zaracaytv.com\/wp-content\/uploads\/2025\/06\/ytu7i678-1024x592.png 1024w, https:\/\/zaracaytv.com\/wp-content\/uploads\/2025\/06\/ytu7i678-768x444.png 768w, https:\/\/zaracaytv.com\/wp-content\/uploads\/2025\/06\/ytu7i678-1536x888.png 1536w, https:\/\/zaracaytv.com\/wp-content\/uploads\/2025\/06\/ytu7i678-570x330.png 570w, https:\/\/zaracaytv.com\/wp-content\/uploads\/2025\/06\/ytu7i678-270x156.png 270w, https:\/\/zaracaytv.com\/wp-content\/uploads\/2025\/06\/ytu7i678.png 1566w\" sizes=\"auto, (max-width: 300px) 100vw, 300px\" \/><\/p>\n<p>El p\u00fablico pudo admirar obras de pintura y escultura en diferentes t\u00e9cnicas, distribuidas en el primer y segundo piso del edificio donde funcionar\u00e1 el museo de Santo Domingo.<\/p>\n<p>El Encuentro estar\u00e1 abierto al p\u00fablico hasta el 3 de julio, en horario de 09:00 a 17:00. La entrada es gratuita, los organizadores invitan a toda la ciudadan\u00eda a sumarse a esta celebraci\u00f3n del arte nacional.<\/p>\n<\/body>","protected":false},"excerpt":{"rendered":"<p>Santo Domingo fue el escenario del Noveno Encuentro Nacional de las Artes, un evento lleno de cultura y creatividad que reuni\u00f3 a artistas de diversas partes del pa\u00eds. La actividad, organizada por la Corporaci\u00f3n Educativa Nueva Acr\u00f3polis, se desarroll\u00f3 con gran acogida en el espacio ubicado entre las calles 6 de Noviembre y Juan Eg\u00fcez, [&hellip;]<\/p>\n","protected":false},"author":4,"featured_media":21098,"comment_status":"closed","ping_status":"closed","sticky":false,"template":"","format":"standard","meta":{"om_disable_all_campaigns":false,"_joinchat":[],"footnotes":""},"categories":[31],"tags":[],"class_list":["post-21096","post","type-post","status-publish","format-standard","has-post-thumbnail","hentry","category-la-region"],"_links":{"self":[{"href":"https:\/\/zaracaytv.com\/index.php?rest_route=\/wp\/v2\/posts\/21096","targetHints":{"allow":["GET"]}}],"collection":[{"href":"https:\/\/zaracaytv.com\/index.php?rest_route=\/wp\/v2\/posts"}],"about":[{"href":"https:\/\/zaracaytv.com\/index.php?rest_route=\/wp\/v2\/types\/post"}],"author":[{"embeddable":true,"href":"https:\/\/zaracaytv.com\/index.php?rest_route=\/wp\/v2\/users\/4"}],"replies":[{"embeddable":true,"href":"https:\/\/zaracaytv.com\/index.php?rest_route=%2Fwp%2Fv2%2Fcomments&post=21096"}],"version-history":[{"count":1,"href":"https:\/\/zaracaytv.com\/index.php?rest_route=\/wp\/v2\/posts\/21096\/revisions"}],"predecessor-version":[{"id":21099,"href":"https:\/\/zaracaytv.com\/index.php?rest_route=\/wp\/v2\/posts\/21096\/revisions\/21099"}],"wp:featuredmedia":[{"embeddable":true,"href":"https:\/\/zaracaytv.com\/index.php?rest_route=\/wp\/v2\/media\/21098"}],"wp:attachment":[{"href":"https:\/\/zaracaytv.com\/index.php?rest_route=%2Fwp%2Fv2%2Fmedia&parent=21096"}],"wp:term":[{"taxonomy":"category","embeddable":true,"href":"https:\/\/zaracaytv.com\/index.php?rest_route=%2Fwp%2Fv2%2Fcategories&post=21096"},{"taxonomy":"post_tag","embeddable":true,"href":"https:\/\/zaracaytv.com\/index.php?rest_route=%2Fwp%2Fv2%2Ftags&post=21096"}],"curies":[{"name":"wp","href":"https:\/\/api.w.org\/{rel}","templated":true}]}}