{"id":20940,"date":"2025-06-18T19:07:06","date_gmt":"2025-06-19T00:07:06","guid":{"rendered":"https:\/\/zaracaytv.com\/?p=20940"},"modified":"2025-06-18T19:07:06","modified_gmt":"2025-06-19T00:07:06","slug":"duenos-de-negocios-en-la-calle-ambato-expresaron-su-malestar-por-el-cierre-del-acceso","status":"publish","type":"post","link":"https:\/\/zaracaytv.com\/?p=20940","title":{"rendered":"DUE\u00d1OS DE NEGOCIOS EN LA CALLE AMBATO EXPRESARON SU MALESTAR POR EL CIERRE DEL ACCESO"},"content":{"rendered":"<body><p><\/p><span style=\"font-weight: 400;\"><img loading=\"lazy\" decoding=\"async\" class=\"size-medium wp-image-20941 alignleft\" src=\"https:\/\/zaracaytv.com\/wp-content\/uploads\/2025\/06\/rt6u56-300x162.png\" alt=\"\" width=\"300\" height=\"162\" loading=\"lazy\" srcset=\"https:\/\/zaracaytv.com\/wp-content\/uploads\/2025\/06\/rt6u56-300x162.png 300w, https:\/\/zaracaytv.com\/wp-content\/uploads\/2025\/06\/rt6u56-1024x552.png 1024w, https:\/\/zaracaytv.com\/wp-content\/uploads\/2025\/06\/rt6u56-768x414.png 768w, https:\/\/zaracaytv.com\/wp-content\/uploads\/2025\/06\/rt6u56-1536x828.png 1536w, https:\/\/zaracaytv.com\/wp-content\/uploads\/2025\/06\/rt6u56-570x307.png 570w, https:\/\/zaracaytv.com\/wp-content\/uploads\/2025\/06\/rt6u56-270x146.png 270w, https:\/\/zaracaytv.com\/wp-content\/uploads\/2025\/06\/rt6u56.png 1568w\" sizes=\"auto, (max-width: 300px) 100vw, 300px\" \/>La paciencia se agota entre los administradores y due\u00f1os de negocios ubicados en la calle Ambato, entre las avenidas 29 de Mayo y Guayaquil. A m\u00e1s de un mes del cierre de esta arteria vial al tr\u00e1nsito vehicular, aseguran que sus ventas han disminuido considerablemente y que la medida, lejos de ayudar, ha perjudicado sus actividades comerciales.<\/span>\n<p><span style=\"font-weight: 400;\">El cierre, implementado desde el pasado 5 de mayo por disposici\u00f3n de la municipalidad, busca controlar el comercio informal en la zona. Sin embargo, los comerciantes formales cuestionan su efectividad, ya que, seg\u00fan denuncian, los vendedores ambulantes contin\u00faan ocupando las veredas sin mayores restricciones.<\/span><\/p>\n<p><span style=\"font-weight: 400;\">El pedido principal de los afectados es que el alcalde habilite de manera urgente el paso vehicular por esta calle, ya que tambi\u00e9n enfrentan dificultades con la distribuci\u00f3n de productos, lo que agrava a\u00fan m\u00e1s su situaci\u00f3n econ\u00f3mica.<\/span><\/p>\n<p><span style=\"font-weight: 400;\">A este reclamo se suman los administradores de comedores del sector, quienes aseguran que el flujo de clientes ha disminuido dr\u00e1sticamente desde el cierre de la calle.<\/span><\/p>\n<p><span style=\"font-weight: 400;\">Los comerciantes se\u00f1alan que han intentado dialogar y buscar soluciones, pero al no ver resultados, consideran manifestarse p\u00fablicamente en contra de la medida.<\/span><\/p>\n<\/body>","protected":false},"excerpt":{"rendered":"<p>La paciencia se agota entre los administradores y due\u00f1os de negocios ubicados en la calle Ambato, entre las avenidas 29 de Mayo y Guayaquil. A m\u00e1s de un mes del cierre de esta arteria vial al tr\u00e1nsito vehicular, aseguran que sus ventas han disminuido considerablemente y que la medida, lejos de ayudar, ha perjudicado sus [&hellip;]<\/p>\n","protected":false},"author":4,"featured_media":20941,"comment_status":"closed","ping_status":"closed","sticky":false,"template":"","format":"standard","meta":{"om_disable_all_campaigns":false,"_joinchat":[],"footnotes":""},"categories":[31],"tags":[],"class_list":["post-20940","post","type-post","status-publish","format-standard","has-post-thumbnail","hentry","category-la-region"],"_links":{"self":[{"href":"https:\/\/zaracaytv.com\/index.php?rest_route=\/wp\/v2\/posts\/20940","targetHints":{"allow":["GET"]}}],"collection":[{"href":"https:\/\/zaracaytv.com\/index.php?rest_route=\/wp\/v2\/posts"}],"about":[{"href":"https:\/\/zaracaytv.com\/index.php?rest_route=\/wp\/v2\/types\/post"}],"author":[{"embeddable":true,"href":"https:\/\/zaracaytv.com\/index.php?rest_route=\/wp\/v2\/users\/4"}],"replies":[{"embeddable":true,"href":"https:\/\/zaracaytv.com\/index.php?rest_route=%2Fwp%2Fv2%2Fcomments&post=20940"}],"version-history":[{"count":1,"href":"https:\/\/zaracaytv.com\/index.php?rest_route=\/wp\/v2\/posts\/20940\/revisions"}],"predecessor-version":[{"id":20942,"href":"https:\/\/zaracaytv.com\/index.php?rest_route=\/wp\/v2\/posts\/20940\/revisions\/20942"}],"wp:featuredmedia":[{"embeddable":true,"href":"https:\/\/zaracaytv.com\/index.php?rest_route=\/wp\/v2\/media\/20941"}],"wp:attachment":[{"href":"https:\/\/zaracaytv.com\/index.php?rest_route=%2Fwp%2Fv2%2Fmedia&parent=20940"}],"wp:term":[{"taxonomy":"category","embeddable":true,"href":"https:\/\/zaracaytv.com\/index.php?rest_route=%2Fwp%2Fv2%2Fcategories&post=20940"},{"taxonomy":"post_tag","embeddable":true,"href":"https:\/\/zaracaytv.com\/index.php?rest_route=%2Fwp%2Fv2%2Ftags&post=20940"}],"curies":[{"name":"wp","href":"https:\/\/api.w.org\/{rel}","templated":true}]}}