{"id":20692,"date":"2025-06-09T17:24:19","date_gmt":"2025-06-09T22:24:19","guid":{"rendered":"https:\/\/zaracaytv.com\/?p=20692"},"modified":"2025-06-09T18:31:50","modified_gmt":"2025-06-09T23:31:50","slug":"transportistas-incrementan-en-un-dolar-el-pasaje-de-santo-domingo-a-quito","status":"publish","type":"post","link":"https:\/\/zaracaytv.com\/?p=20692","title":{"rendered":"TRANSPORTISTAS INCREMENTAN EN UN D\u00d3LAR EL PASAJE DE SANTO DOMINGO A QUITO"},"content":{"rendered":"<body><p><\/p>\n<p data-start=\"96\" data-end=\"313\"><img loading=\"lazy\" decoding=\"async\" class=\"size-medium wp-image-20693 alignleft\" src=\"https:\/\/zaracaytv.com\/wp-content\/uploads\/2025\/06\/fjt-300x162.png\" alt=\"\" width=\"300\" height=\"162\" loading=\"lazy\" srcset=\"https:\/\/zaracaytv.com\/wp-content\/uploads\/2025\/06\/fjt-300x162.png 300w, https:\/\/zaracaytv.com\/wp-content\/uploads\/2025\/06\/fjt-1024x552.png 1024w, https:\/\/zaracaytv.com\/wp-content\/uploads\/2025\/06\/fjt-768x414.png 768w, https:\/\/zaracaytv.com\/wp-content\/uploads\/2025\/06\/fjt-1536x828.png 1536w, https:\/\/zaracaytv.com\/wp-content\/uploads\/2025\/06\/fjt-570x307.png 570w, https:\/\/zaracaytv.com\/wp-content\/uploads\/2025\/06\/fjt-270x146.png 270w, https:\/\/zaracaytv.com\/wp-content\/uploads\/2025\/06\/fjt.png 1645w\" sizes=\"auto, (max-width: 300px) 100vw, 300px\" \/>Desde este s\u00e1bado 7 de junio, los pasajeros que viajan desde Santo Domingo hacia Quito deben pagar m\u00e1s por el pasaje, debido al cierre de la v\u00eda Al\u00f3ag \u2013 Santo Domingo por trabajos de estabilizaci\u00f3n en el kil\u00f3metro 83.<\/p>\n<p data-start=\"315\" data-end=\"636\">Los transportistas de las compa\u00f1\u00edas que operan por esta ruta decidieron incrementar un d\u00f3lar al valor habitual del pasaje, seg\u00fan explic\u00f3 Carlos Rivadeneira, subgerente de la Terminal Terrestre de Santo Domingo. Sin embargo, aclar\u00f3 que este ajuste debe ser analizado y autorizado por la Agencia Nacional de Tr\u00e1nsito (ANT).<\/p>\n<p data-start=\"638\" data-end=\"963\">Pese a ello, varios pasajeros afirman que el aumento real es de $1,25. Antes, la tarifa era de $4, pero actualmente deben pagar $5,25, monto que incluye el ticket de ingreso a los andenes. Los conductores justifican el alza por el mayor tiempo de recorrido y los da\u00f1os que sufren los veh\u00edculos al circular por rutas alternas.<img loading=\"lazy\" decoding=\"async\" class=\"size-medium wp-image-20694 alignright\" src=\"https:\/\/zaracaytv.com\/wp-content\/uploads\/2025\/06\/et5yt-300x171.png\" alt=\"\" width=\"300\" height=\"171\" loading=\"lazy\" srcset=\"https:\/\/zaracaytv.com\/wp-content\/uploads\/2025\/06\/et5yt-300x171.png 300w, https:\/\/zaracaytv.com\/wp-content\/uploads\/2025\/06\/et5yt-1024x584.png 1024w, https:\/\/zaracaytv.com\/wp-content\/uploads\/2025\/06\/et5yt-768x438.png 768w, https:\/\/zaracaytv.com\/wp-content\/uploads\/2025\/06\/et5yt-1536x876.png 1536w, https:\/\/zaracaytv.com\/wp-content\/uploads\/2025\/06\/et5yt-570x325.png 570w, https:\/\/zaracaytv.com\/wp-content\/uploads\/2025\/06\/et5yt-270x154.png 270w, https:\/\/zaracaytv.com\/wp-content\/uploads\/2025\/06\/et5yt.png 1583w\" sizes=\"auto, (max-width: 300px) 100vw, 300px\" \/><\/p>\n<p data-start=\"965\" data-end=\"1140\">A los usuarios no les queda m\u00e1s opci\u00f3n que asumir el costo adicional y enfrentar las condiciones adversas de viajar por caminos desconocidos y, en muchos casos, en mal estado.<\/p>\n<p data-start=\"1142\" data-end=\"1443\">Rivadeneira hizo un llamado a los conductores a tomar precauciones al viajar hacia la Sierra, especialmente si es la primera vez que transitan por rutas distintas a la v\u00eda Al\u00f3ag \u2013 Santo Domingo. Adem\u00e1s, inst\u00f3 a los pasajeros a denunciar cualquier cobro excesivo o injustificado en el valor del pasaje.<\/p>\n<p data-start=\"1445\" data-end=\"1544\">La v\u00eda Al\u00f3ag \u2013 Santo Domingo permanecer\u00e1 cerrada al tr\u00e1nsito vehicular hasta el s\u00e1bado 14 de junio.<\/p>\n<p data-start=\"1445\" data-end=\"1544\">\n<\/p><p><iframe title=\"LA REGI\u00d3N  - TRANSPORTISTAS INCREMENTAN EN UN D\u00d3LAR EL PASAJE DE SANTO DOMINGO A QUITO\" width=\"800\" height=\"450\" src=\"https:\/\/www.youtube.com\/embed\/q_HJ4j_M67M?feature=oembed\" frameborder=\"0\" allow=\"accelerometer; autoplay; clipboard-write; encrypted-media; gyroscope; picture-in-picture; web-share\" referrerpolicy=\"strict-origin-when-cross-origin\" allowfullscreen><\/iframe><\/p>\n<\/body>","protected":false},"excerpt":{"rendered":"<p>Desde este s\u00e1bado 7 de junio, los pasajeros que viajan desde Santo Domingo hacia Quito deben pagar m\u00e1s por el pasaje, debido al cierre de la v\u00eda Al\u00f3ag \u2013 Santo Domingo por trabajos de estabilizaci\u00f3n en el kil\u00f3metro 83. Los transportistas de las compa\u00f1\u00edas que operan por esta ruta decidieron incrementar un d\u00f3lar al valor [&hellip;]<\/p>\n","protected":false},"author":4,"featured_media":20693,"comment_status":"closed","ping_status":"closed","sticky":false,"template":"","format":"standard","meta":{"om_disable_all_campaigns":false,"_joinchat":[],"footnotes":""},"categories":[31],"tags":[],"class_list":["post-20692","post","type-post","status-publish","format-standard","has-post-thumbnail","hentry","category-la-region"],"_links":{"self":[{"href":"https:\/\/zaracaytv.com\/index.php?rest_route=\/wp\/v2\/posts\/20692","targetHints":{"allow":["GET"]}}],"collection":[{"href":"https:\/\/zaracaytv.com\/index.php?rest_route=\/wp\/v2\/posts"}],"about":[{"href":"https:\/\/zaracaytv.com\/index.php?rest_route=\/wp\/v2\/types\/post"}],"author":[{"embeddable":true,"href":"https:\/\/zaracaytv.com\/index.php?rest_route=\/wp\/v2\/users\/4"}],"replies":[{"embeddable":true,"href":"https:\/\/zaracaytv.com\/index.php?rest_route=%2Fwp%2Fv2%2Fcomments&post=20692"}],"version-history":[{"count":3,"href":"https:\/\/zaracaytv.com\/index.php?rest_route=\/wp\/v2\/posts\/20692\/revisions"}],"predecessor-version":[{"id":20701,"href":"https:\/\/zaracaytv.com\/index.php?rest_route=\/wp\/v2\/posts\/20692\/revisions\/20701"}],"wp:featuredmedia":[{"embeddable":true,"href":"https:\/\/zaracaytv.com\/index.php?rest_route=\/wp\/v2\/media\/20693"}],"wp:attachment":[{"href":"https:\/\/zaracaytv.com\/index.php?rest_route=%2Fwp%2Fv2%2Fmedia&parent=20692"}],"wp:term":[{"taxonomy":"category","embeddable":true,"href":"https:\/\/zaracaytv.com\/index.php?rest_route=%2Fwp%2Fv2%2Fcategories&post=20692"},{"taxonomy":"post_tag","embeddable":true,"href":"https:\/\/zaracaytv.com\/index.php?rest_route=%2Fwp%2Fv2%2Ftags&post=20692"}],"curies":[{"name":"wp","href":"https:\/\/api.w.org\/{rel}","templated":true}]}}