{"id":20688,"date":"2025-06-09T12:49:02","date_gmt":"2025-06-09T17:49:02","guid":{"rendered":"https:\/\/zaracaytv.com\/?p=20688"},"modified":"2025-06-09T18:20:06","modified_gmt":"2025-06-09T23:20:06","slug":"transportistas-tienen-30-dias-para-retirar-los-torniquetes","status":"publish","type":"post","link":"https:\/\/zaracaytv.com\/?p=20688","title":{"rendered":"TRANSPORTISTAS TIENEN 30 D\u00cdAS PARA RETIRAR LOS TORNIQUETES"},"content":{"rendered":"<body><p><\/p><img loading=\"lazy\" decoding=\"async\" class=\"size-medium wp-image-20689 alignleft\" src=\"https:\/\/zaracaytv.com\/wp-content\/uploads\/2025\/06\/YI-300x164.png\" alt=\"\" width=\"300\" height=\"164\" loading=\"lazy\" srcset=\"https:\/\/zaracaytv.com\/wp-content\/uploads\/2025\/06\/YI-300x164.png 300w, https:\/\/zaracaytv.com\/wp-content\/uploads\/2025\/06\/YI-1024x559.png 1024w, https:\/\/zaracaytv.com\/wp-content\/uploads\/2025\/06\/YI-768x419.png 768w, https:\/\/zaracaytv.com\/wp-content\/uploads\/2025\/06\/YI-1536x839.png 1536w, https:\/\/zaracaytv.com\/wp-content\/uploads\/2025\/06\/YI-570x311.png 570w, https:\/\/zaracaytv.com\/wp-content\/uploads\/2025\/06\/YI-270x147.png 270w, https:\/\/zaracaytv.com\/wp-content\/uploads\/2025\/06\/YI.png 1635w\" sizes=\"auto, (max-width: 300px) 100vw, 300px\" \/>El 5 de junio, la jueza Susana Sotomayor resolvi\u00f3 acoger la acci\u00f3n de protecci\u00f3n presentada por el concejal de Santo Domingo, Julio C\u00e9sar Calero, y a la cual se sum\u00f3 la edil Liliana Silva, con lo cual orden\u00f3 el retiro de torniquetes en los buses urbanos. Esto ante la vulneraci\u00f3n de derechos de los usuarios de transporte p\u00fablico, como fue el caso de personas con discapacidad, adultos mayores y otros grupos de atenci\u00f3n prioritaria. Federico Mora, representante de la Fundaci\u00f3n \u201cSomos Patria\u201d, indic\u00f3 que es importante que se busque un sistema que beneficie a la ciudadan\u00eda con distintas discapacidades y se tome en consideraci\u00f3n todas sus necesidades.\n<p>Las operadoras que conforman el Consorcio MIO, las cuales son Transmetro, Ejecuttrans y Trans Ts\u00e1chila tienen un plazo de 30 d\u00edas para realizar el retiro de los dispositivos. Adem\u00e1s, se dispuso 15 d\u00edas para que los transportistas pidan disculpas p\u00fablicas. La jueza tambi\u00e9n determin\u00f3 que deber\u00e1n recibir de forma obligatoria una capacitaci\u00f3n sobre el buen trato a los pasajeros.<img loading=\"lazy\" decoding=\"async\" class=\"size-medium wp-image-20690 alignright\" src=\"https:\/\/zaracaytv.com\/wp-content\/uploads\/2025\/06\/87O09-300x175.png\" alt=\"\" width=\"300\" height=\"175\" loading=\"lazy\" srcset=\"https:\/\/zaracaytv.com\/wp-content\/uploads\/2025\/06\/87O09-300x175.png 300w, https:\/\/zaracaytv.com\/wp-content\/uploads\/2025\/06\/87O09-1024x597.png 1024w, https:\/\/zaracaytv.com\/wp-content\/uploads\/2025\/06\/87O09-768x448.png 768w, https:\/\/zaracaytv.com\/wp-content\/uploads\/2025\/06\/87O09-1536x896.png 1536w, https:\/\/zaracaytv.com\/wp-content\/uploads\/2025\/06\/87O09-566x330.png 566w, https:\/\/zaracaytv.com\/wp-content\/uploads\/2025\/06\/87O09-270x158.png 270w, https:\/\/zaracaytv.com\/wp-content\/uploads\/2025\/06\/87O09.png 1577w\" sizes=\"auto, (max-width: 300px) 100vw, 300px\" \/><\/p>\n<p>Para la ciudadan\u00eda esta medida es necesaria, ya que al momento de subirse a un bus con compras o con ni\u00f1os era complicado cruzar, debido al espacio reducido. Hasta se present\u00f3 un caso donde un menor de edad qued\u00f3 atrapado en un torniquete.<\/p>\n<p>Ante esta situaci\u00f3n a\u00fan se espera un pronunciamiento por parte de los representantes de las operadoras de buses urbanos de Santo Domingo.<\/p>\n<p>\u00a0<\/p>\n<p><iframe title=\"LA CIUDAD \u2013 TRANSPORTISTAS TIENEN 30 D\u00cdAS PARA RETIRAR LOS TORNIQUETES\" width=\"800\" height=\"450\" src=\"https:\/\/www.youtube.com\/embed\/qzy0jhYQFoQ?feature=oembed\" frameborder=\"0\" allow=\"accelerometer; autoplay; clipboard-write; encrypted-media; gyroscope; picture-in-picture; web-share\" referrerpolicy=\"strict-origin-when-cross-origin\" allowfullscreen><\/iframe><\/p>\n<\/body>","protected":false},"excerpt":{"rendered":"<p>El 5 de junio, la jueza Susana Sotomayor resolvi\u00f3 acoger la acci\u00f3n de protecci\u00f3n presentada por el concejal de Santo Domingo, Julio C\u00e9sar Calero, y a la cual se sum\u00f3 la edil Liliana Silva, con lo cual orden\u00f3 el retiro de torniquetes en los buses urbanos. Esto ante la vulneraci\u00f3n de derechos de los usuarios [&hellip;]<\/p>\n","protected":false},"author":4,"featured_media":20689,"comment_status":"closed","ping_status":"closed","sticky":false,"template":"","format":"standard","meta":{"om_disable_all_campaigns":false,"_joinchat":[],"footnotes":""},"categories":[31],"tags":[],"class_list":["post-20688","post","type-post","status-publish","format-standard","has-post-thumbnail","hentry","category-la-region"],"_links":{"self":[{"href":"https:\/\/zaracaytv.com\/index.php?rest_route=\/wp\/v2\/posts\/20688","targetHints":{"allow":["GET"]}}],"collection":[{"href":"https:\/\/zaracaytv.com\/index.php?rest_route=\/wp\/v2\/posts"}],"about":[{"href":"https:\/\/zaracaytv.com\/index.php?rest_route=\/wp\/v2\/types\/post"}],"author":[{"embeddable":true,"href":"https:\/\/zaracaytv.com\/index.php?rest_route=\/wp\/v2\/users\/4"}],"replies":[{"embeddable":true,"href":"https:\/\/zaracaytv.com\/index.php?rest_route=%2Fwp%2Fv2%2Fcomments&post=20688"}],"version-history":[{"count":3,"href":"https:\/\/zaracaytv.com\/index.php?rest_route=\/wp\/v2\/posts\/20688\/revisions"}],"predecessor-version":[{"id":20699,"href":"https:\/\/zaracaytv.com\/index.php?rest_route=\/wp\/v2\/posts\/20688\/revisions\/20699"}],"wp:featuredmedia":[{"embeddable":true,"href":"https:\/\/zaracaytv.com\/index.php?rest_route=\/wp\/v2\/media\/20689"}],"wp:attachment":[{"href":"https:\/\/zaracaytv.com\/index.php?rest_route=%2Fwp%2Fv2%2Fmedia&parent=20688"}],"wp:term":[{"taxonomy":"category","embeddable":true,"href":"https:\/\/zaracaytv.com\/index.php?rest_route=%2Fwp%2Fv2%2Fcategories&post=20688"},{"taxonomy":"post_tag","embeddable":true,"href":"https:\/\/zaracaytv.com\/index.php?rest_route=%2Fwp%2Fv2%2Ftags&post=20688"}],"curies":[{"name":"wp","href":"https:\/\/api.w.org\/{rel}","templated":true}]}}