{"id":20680,"date":"2025-06-09T11:49:44","date_gmt":"2025-06-09T16:49:44","guid":{"rendered":"https:\/\/zaracaytv.com\/?p=20680"},"modified":"2025-06-09T18:15:21","modified_gmt":"2025-06-09T23:15:21","slug":"la-disminucion-de-las-abejas-pone-en-riesgo-la-seguridad-alimentaria","status":"publish","type":"post","link":"https:\/\/zaracaytv.com\/?p=20680","title":{"rendered":"LA DISMINUCI\u00d3N DE LAS ABEJAS PONE EN RIESGO LA SEGURIDAD ALIMENTARIA"},"content":{"rendered":"<body><p><\/p>La vida<img loading=\"lazy\" decoding=\"async\" class=\"size-medium wp-image-20681 alignleft\" src=\"https:\/\/zaracaytv.com\/wp-content\/uploads\/2025\/06\/54645RT-300x164.png\" alt=\"\" width=\"300\" height=\"164\" loading=\"lazy\" srcset=\"https:\/\/zaracaytv.com\/wp-content\/uploads\/2025\/06\/54645RT-300x164.png 300w, https:\/\/zaracaytv.com\/wp-content\/uploads\/2025\/06\/54645RT-1024x559.png 1024w, https:\/\/zaracaytv.com\/wp-content\/uploads\/2025\/06\/54645RT-768x419.png 768w, https:\/\/zaracaytv.com\/wp-content\/uploads\/2025\/06\/54645RT-1536x839.png 1536w, https:\/\/zaracaytv.com\/wp-content\/uploads\/2025\/06\/54645RT-570x311.png 570w, https:\/\/zaracaytv.com\/wp-content\/uploads\/2025\/06\/54645RT-270x147.png 270w, https:\/\/zaracaytv.com\/wp-content\/uploads\/2025\/06\/54645RT.png 1668w\" sizes=\"auto, (max-width: 300px) 100vw, 300px\" \/> en la Tierra, tal como la conocemos, depende en gran medida de un peque\u00f1o pero vital insecto: la abeja. Sin embargo, en las \u00faltimas d\u00e9cadas, su poblaci\u00f3n ha disminuido alarmantemente debido a una serie de factores como la p\u00e9rdida de h\u00e1bitat, el uso intensivo de pesticidas, el cambio clim\u00e1tico, las enfermedades, las plagas y, m\u00e1s recientemente, la contaminaci\u00f3n electromagn\u00e9tica. Rommel Carrera, apicultor en Colmenares La Perla, ha dedicado su vida a la crianza y protecci\u00f3n de las abejas. Seg\u00fan afirma, estos insectos no solo son esenciales para la producci\u00f3n de miel, sino que desempe\u00f1an un rol fundamental en la polinizaci\u00f3n de cultivos y plantas silvestres, lo cual garantiza la producci\u00f3n de alimentos y el equilibrio de los ecosistemas.\n<p>M\u00f3nica Castro, activista ambiental, advierte sobre el impacto que la urbanizaci\u00f3n descontrolada est\u00e1 teniendo en la fauna polinizadora, ya que desplaza a insectos clave como las abejas, pese a que pueden cultivarse en espacios peque\u00f1os.<\/p>\n<p>El ingeniero agropecuario Franklin Gualpa coincide en que la situaci\u00f3n es cr\u00edtica, sobre todo en los pa\u00edses industrializados, donde el modelo de producci\u00f3n intensiva ha mermado significativamente las poblaciones de abejas.\u00a0 <img loading=\"lazy\" decoding=\"async\" class=\"size-medium wp-image-20682 alignright\" src=\"https:\/\/zaracaytv.com\/wp-content\/uploads\/2025\/06\/568U57-300x163.png\" alt=\"\" width=\"300\" height=\"163\" loading=\"lazy\" srcset=\"https:\/\/zaracaytv.com\/wp-content\/uploads\/2025\/06\/568U57-300x163.png 300w, https:\/\/zaracaytv.com\/wp-content\/uploads\/2025\/06\/568U57-1024x557.png 1024w, https:\/\/zaracaytv.com\/wp-content\/uploads\/2025\/06\/568U57-768x418.png 768w, https:\/\/zaracaytv.com\/wp-content\/uploads\/2025\/06\/568U57-1536x835.png 1536w, https:\/\/zaracaytv.com\/wp-content\/uploads\/2025\/06\/568U57-570x310.png 570w, https:\/\/zaracaytv.com\/wp-content\/uploads\/2025\/06\/568U57-270x147.png 270w, https:\/\/zaracaytv.com\/wp-content\/uploads\/2025\/06\/568U57.png 1629w\" sizes=\"auto, (max-width: 300px) 100vw, 300px\" \/><\/p>\n<p>Adem\u00e1s de los ya conocidos factores que afectan a estos polinizadores, los expertos advierten que la contaminaci\u00f3n electromagn\u00e9tica producto de la actividad humana tambi\u00e9n interfiere en sus ciclos reproductivos y su orientaci\u00f3n, agravando su disminuci\u00f3n.<\/p>\n<p>Ante esta situaci\u00f3n, hacen un llamado urgente a establecer pol\u00edticas de conservaci\u00f3n espec\u00edficas. Coinciden en que la desaparici\u00f3n de las abejas tendr\u00eda consecuencias catastr\u00f3ficas para la biodiversidad y la seguridad alimentaria global. Sin abejas, no hay polinizaci\u00f3n. Sin polinizaci\u00f3n, no hay alimentos. Y sin alimentos, no hay vida.<\/p>\n<p>\u00a0<\/p>\n<p><iframe title=\"LA REGI\u00d3N \u2013 LA DISMINUCI\u00d3N DE LAS ABEJAS PONE EN RIESGO LA SEGURIDAD ALIMENTARIA\" width=\"800\" height=\"450\" src=\"https:\/\/www.youtube.com\/embed\/Vf2G0E-oarw?feature=oembed\" frameborder=\"0\" allow=\"accelerometer; autoplay; clipboard-write; encrypted-media; gyroscope; picture-in-picture; web-share\" referrerpolicy=\"strict-origin-when-cross-origin\" allowfullscreen><\/iframe><\/p>\n<\/body>","protected":false},"excerpt":{"rendered":"<p>La vida en la Tierra, tal como la conocemos, depende en gran medida de un peque\u00f1o pero vital insecto: la abeja. Sin embargo, en las \u00faltimas d\u00e9cadas, su poblaci\u00f3n ha disminuido alarmantemente debido a una serie de factores como la p\u00e9rdida de h\u00e1bitat, el uso intensivo de pesticidas, el cambio clim\u00e1tico, las enfermedades, las plagas [&hellip;]<\/p>\n","protected":false},"author":4,"featured_media":20681,"comment_status":"closed","ping_status":"closed","sticky":false,"template":"","format":"standard","meta":{"om_disable_all_campaigns":false,"_joinchat":[],"footnotes":""},"categories":[31],"tags":[],"class_list":["post-20680","post","type-post","status-publish","format-standard","has-post-thumbnail","hentry","category-la-region"],"_links":{"self":[{"href":"https:\/\/zaracaytv.com\/index.php?rest_route=\/wp\/v2\/posts\/20680","targetHints":{"allow":["GET"]}}],"collection":[{"href":"https:\/\/zaracaytv.com\/index.php?rest_route=\/wp\/v2\/posts"}],"about":[{"href":"https:\/\/zaracaytv.com\/index.php?rest_route=\/wp\/v2\/types\/post"}],"author":[{"embeddable":true,"href":"https:\/\/zaracaytv.com\/index.php?rest_route=\/wp\/v2\/users\/4"}],"replies":[{"embeddable":true,"href":"https:\/\/zaracaytv.com\/index.php?rest_route=%2Fwp%2Fv2%2Fcomments&post=20680"}],"version-history":[{"count":2,"href":"https:\/\/zaracaytv.com\/index.php?rest_route=\/wp\/v2\/posts\/20680\/revisions"}],"predecessor-version":[{"id":20696,"href":"https:\/\/zaracaytv.com\/index.php?rest_route=\/wp\/v2\/posts\/20680\/revisions\/20696"}],"wp:featuredmedia":[{"embeddable":true,"href":"https:\/\/zaracaytv.com\/index.php?rest_route=\/wp\/v2\/media\/20681"}],"wp:attachment":[{"href":"https:\/\/zaracaytv.com\/index.php?rest_route=%2Fwp%2Fv2%2Fmedia&parent=20680"}],"wp:term":[{"taxonomy":"category","embeddable":true,"href":"https:\/\/zaracaytv.com\/index.php?rest_route=%2Fwp%2Fv2%2Fcategories&post=20680"},{"taxonomy":"post_tag","embeddable":true,"href":"https:\/\/zaracaytv.com\/index.php?rest_route=%2Fwp%2Fv2%2Ftags&post=20680"}],"curies":[{"name":"wp","href":"https:\/\/api.w.org\/{rel}","templated":true}]}}