{"id":20672,"date":"2025-06-09T11:25:21","date_gmt":"2025-06-09T16:25:21","guid":{"rendered":"https:\/\/zaracaytv.com\/?p=20672"},"modified":"2025-06-09T18:41:36","modified_gmt":"2025-06-09T23:41:36","slug":"aumento-el-flujo-vehicular-en-la-via-las-mercedes-los-bancos","status":"publish","type":"post","link":"https:\/\/zaracaytv.com\/?p=20672","title":{"rendered":"AUMENT\u00d3 EL FLUJO VEHICULAR EN LA V\u00cdA LAS MERCEDES \u2013 LOS BANCOS"},"content":{"rendered":"<body><p><\/p><span style=\"font-weight: 400;\"><img loading=\"lazy\" decoding=\"async\" class=\"size-medium wp-image-20673 alignleft\" src=\"https:\/\/zaracaytv.com\/wp-content\/uploads\/2025\/06\/457Y45-300x164.png\" alt=\"\" width=\"300\" height=\"164\" loading=\"lazy\" srcset=\"https:\/\/zaracaytv.com\/wp-content\/uploads\/2025\/06\/457Y45-300x164.png 300w, https:\/\/zaracaytv.com\/wp-content\/uploads\/2025\/06\/457Y45-1024x558.png 1024w, https:\/\/zaracaytv.com\/wp-content\/uploads\/2025\/06\/457Y45-768x419.png 768w, https:\/\/zaracaytv.com\/wp-content\/uploads\/2025\/06\/457Y45-1536x838.png 1536w, https:\/\/zaracaytv.com\/wp-content\/uploads\/2025\/06\/457Y45-570x311.png 570w, https:\/\/zaracaytv.com\/wp-content\/uploads\/2025\/06\/457Y45-270x147.png 270w, https:\/\/zaracaytv.com\/wp-content\/uploads\/2025\/06\/457Y45.png 1599w\" sizes=\"auto, (max-width: 300px) 100vw, 300px\" \/>Con un tacho de agua y una manguera, Fidel Agila intentaba aplacar el polvo que se levanta por el paso de los veh\u00edculos en la v\u00eda Las Mercedes \u2013 Los Bancos, que conecta a Santo Dom<img loading=\"lazy\" decoding=\"async\" class=\"size-medium wp-image-20674 alignright\" src=\"https:\/\/zaracaytv.com\/wp-content\/uploads\/2025\/06\/R68-300x170.png\" alt=\"\" width=\"300\" height=\"170\" loading=\"lazy\" srcset=\"https:\/\/zaracaytv.com\/wp-content\/uploads\/2025\/06\/R68-300x170.png 300w, https:\/\/zaracaytv.com\/wp-content\/uploads\/2025\/06\/R68-1024x581.png 1024w, https:\/\/zaracaytv.com\/wp-content\/uploads\/2025\/06\/R68-768x436.png 768w, https:\/\/zaracaytv.com\/wp-content\/uploads\/2025\/06\/R68-1536x871.png 1536w, https:\/\/zaracaytv.com\/wp-content\/uploads\/2025\/06\/R68-570x323.png 570w, https:\/\/zaracaytv.com\/wp-content\/uploads\/2025\/06\/R68-270x153.png 270w, https:\/\/zaracaytv.com\/wp-content\/uploads\/2025\/06\/R68.png 1608w\" sizes=\"auto, (max-width: 300px) 100vw, 300px\" \/>ingo de los Ts\u00e1chilas y Pichincha.\u00a0<\/span>\n<p><span style=\"font-weight: 400;\">En esta carretera, cuya competencia est\u00e1 a cargo del Ministerio de Transporte y Obras P\u00fablicas, aument\u00f3 el flujo de veh\u00edculos pesados por el cierre del km 83 de la v\u00eda Al\u00f3ag \u2013 Santo Domingo. Y en el centro poblado de Brasilias del Toachi, el tr\u00e1fico colaps\u00f3 por varios minutos. Las molestias por el estado de este acceso eran notorias.\u00a0\u00a0<\/span><\/p>\n<p><span style=\"font-weight: 400;\">De igual forma les preocupa la inseguridad <\/span>que persiste a lo largo de esta carretera.<\/p>\n<p><span style=\"font-weight: 400;\">El estado del puente sobre el r\u00edo Toachi tambi\u00e9n es otro factor que les inquieta a los moradores, sobre todo por la gran cantidad de veh\u00edculos de carga pesada que debe soportar. Se les recuerda a los conductores que las rutas alternas para los veh\u00edculos livianos, de doble eje y buses de la cooperativa Alluriqu\u00edn durante este cierre ser\u00e1n:\u00a0<\/span><\/p>\n<p><span style=\"font-weight: 400;\">Alluriqu\u00edn \u2013 La Florida \u2013 Magdalena \u2013 Tinalandia<\/span><\/p>\n<p><span style=\"font-weight: 400;\">Alluriqu\u00edn \u2013 La Florida \u2013 Las Mercedes \u2013 Santo Domingo<\/span><\/p>\n<p><span style=\"font-weight: 400;\">Mientras que para los de carga pesada y los livianos las v\u00edas recomendadas son:<\/span><\/p>\n<p><span style=\"font-weight: 400;\">Calacal\u00ed \u2013 Los Bancos \u2013 Las Mercedes \u2013 Santo Domingo<\/span><\/p>\n<p><span style=\"font-weight: 400;\">Calacal\u00ed \u2013 Los Bancos \u2013 San Bernab\u00e9 \u2013 Crist\u00f3bal Col\u00f3n \u2013 Valle Hermoso<\/span><\/p>\n<p><span style=\"font-weight: 400;\">Calacal\u00ed \u2013 La Independencia \u2013 Los Bancos \u2013 La Concordia<\/span><\/p>\n<p>\u00a0<\/p>\n<p>\u00a0<\/p>\n<p><iframe title=\"LA REGI\u00d3N \u2013 AUMENT\u00d3 EL FLUJO VEHICULAR EN LA V\u00cdA LAS MERCEDES \u2013 LOS BANCOS\" width=\"800\" height=\"450\" src=\"https:\/\/www.youtube.com\/embed\/3yc0MXa3uN8?feature=oembed\" frameborder=\"0\" allow=\"accelerometer; autoplay; clipboard-write; encrypted-media; gyroscope; picture-in-picture; web-share\" referrerpolicy=\"strict-origin-when-cross-origin\" allowfullscreen><\/iframe><\/p>\n<\/body>","protected":false},"excerpt":{"rendered":"<p>Con un tacho de agua y una manguera, Fidel Agila intentaba aplacar el polvo que se levanta por el paso de los veh\u00edculos en la v\u00eda Las Mercedes \u2013 Los Bancos, que conecta a Santo Domingo de los Ts\u00e1chilas y Pichincha.\u00a0 En esta carretera, cuya competencia est\u00e1 a cargo del Ministerio de Transporte y Obras [&hellip;]<\/p>\n","protected":false},"author":4,"featured_media":20674,"comment_status":"closed","ping_status":"closed","sticky":false,"template":"","format":"standard","meta":{"om_disable_all_campaigns":false,"_joinchat":[],"footnotes":""},"categories":[31],"tags":[],"class_list":["post-20672","post","type-post","status-publish","format-standard","has-post-thumbnail","hentry","category-la-region"],"_links":{"self":[{"href":"https:\/\/zaracaytv.com\/index.php?rest_route=\/wp\/v2\/posts\/20672","targetHints":{"allow":["GET"]}}],"collection":[{"href":"https:\/\/zaracaytv.com\/index.php?rest_route=\/wp\/v2\/posts"}],"about":[{"href":"https:\/\/zaracaytv.com\/index.php?rest_route=\/wp\/v2\/types\/post"}],"author":[{"embeddable":true,"href":"https:\/\/zaracaytv.com\/index.php?rest_route=\/wp\/v2\/users\/4"}],"replies":[{"embeddable":true,"href":"https:\/\/zaracaytv.com\/index.php?rest_route=%2Fwp%2Fv2%2Fcomments&post=20672"}],"version-history":[{"count":2,"href":"https:\/\/zaracaytv.com\/index.php?rest_route=\/wp\/v2\/posts\/20672\/revisions"}],"predecessor-version":[{"id":20706,"href":"https:\/\/zaracaytv.com\/index.php?rest_route=\/wp\/v2\/posts\/20672\/revisions\/20706"}],"wp:featuredmedia":[{"embeddable":true,"href":"https:\/\/zaracaytv.com\/index.php?rest_route=\/wp\/v2\/media\/20674"}],"wp:attachment":[{"href":"https:\/\/zaracaytv.com\/index.php?rest_route=%2Fwp%2Fv2%2Fmedia&parent=20672"}],"wp:term":[{"taxonomy":"category","embeddable":true,"href":"https:\/\/zaracaytv.com\/index.php?rest_route=%2Fwp%2Fv2%2Fcategories&post=20672"},{"taxonomy":"post_tag","embeddable":true,"href":"https:\/\/zaracaytv.com\/index.php?rest_route=%2Fwp%2Fv2%2Ftags&post=20672"}],"curies":[{"name":"wp","href":"https:\/\/api.w.org\/{rel}","templated":true}]}}