{"id":20644,"date":"2025-06-06T18:05:23","date_gmt":"2025-06-06T23:05:23","guid":{"rendered":"https:\/\/zaracaytv.com\/?p=20644"},"modified":"2025-06-06T18:06:24","modified_gmt":"2025-06-06T23:06:24","slug":"cierre-temporal-de-la-via-aloag-santo-domingo-km-83-iniciara-este-sabado-07-de-junio","status":"publish","type":"post","link":"https:\/\/zaracaytv.com\/?p=20644","title":{"rendered":"CIERRE TEMPORAL DE LA V\u00cdA AL\u00d3AG &#8211; SANTO DOMINGO KM 83 INICIAR\u00c1 ESTE S\u00c1BADO 07 DE JUNIO"},"content":{"rendered":"<body><p><\/p><span style=\"font-weight: 400;\"><img loading=\"lazy\" decoding=\"async\" class=\"size-medium wp-image-20645 alignleft\" src=\"https:\/\/zaracaytv.com\/wp-content\/uploads\/2025\/06\/detui0p-300x166.png\" alt=\"\" width=\"300\" height=\"166\" loading=\"lazy\" srcset=\"https:\/\/zaracaytv.com\/wp-content\/uploads\/2025\/06\/detui0p-300x166.png 300w, https:\/\/zaracaytv.com\/wp-content\/uploads\/2025\/06\/detui0p-1024x566.png 1024w, https:\/\/zaracaytv.com\/wp-content\/uploads\/2025\/06\/detui0p-768x424.png 768w, https:\/\/zaracaytv.com\/wp-content\/uploads\/2025\/06\/detui0p-1536x849.png 1536w, https:\/\/zaracaytv.com\/wp-content\/uploads\/2025\/06\/detui0p-570x315.png 570w, https:\/\/zaracaytv.com\/wp-content\/uploads\/2025\/06\/detui0p-270x149.png 270w, https:\/\/zaracaytv.com\/wp-content\/uploads\/2025\/06\/detui0p.png 1587w\" sizes=\"auto, (max-width: 300px) 100vw, 300px\" \/>Desde este s\u00e1bado 7 a partir de las 06:00 hasta las 18:00 del s\u00e1bado 14 de junio se cerrar\u00e1 el kil\u00f3metro 83 de la v\u00eda Al\u00f3ag \u2013 Santo Domingo debido a los trabajos de estabilizaci\u00f3n del talud, que se realizar\u00e1n en este tram\u00f3, explic\u00f3 Johana N\u00fa\u00f1ez, prefecta de Santo Domingo de los Ts\u00e1chilas.<\/span>\n<p><span style=\"font-weight: 400;\">Las rutas alternas para los veh\u00edculos livianos, de doble eje y buses de la cooperativa Alluriqu\u00edn durante este cierre ser\u00e1n:\u00a0<\/span><\/p>\n<p><span style=\"font-weight: 400;\">Alluriqu\u00edn \u2013 La Florida \u2013 Magdalena \u2013 Tinalandia<\/span><\/p>\n<p><span style=\"font-weight: 400;\">Alluriqu\u00edn \u2013 La Florida \u2013 Las Mercedes \u2013 Santo Domingo<\/span><\/p>\n<p><span style=\"font-weight: 400;\">Mientras que para los de carga pesada y los livianos las v\u00edas recomendadas son:<\/span><\/p>\n<p><span style=\"font-weight: 400;\">Calacal\u00ed \u2013 Los Bancos \u2013 Las Mercedes \u2013 Santo Domingo<\/span><\/p>\n<p><span style=\"font-weight: 400;\">Calacal\u00ed \u2013 Los Bancos \u2013 San Bernab\u00e9 \u2013 Crist\u00f3bal Col\u00f3n \u2013 Valle Hermoso<\/span><\/p>\n<p><span style=\"font-weight: 400;\">Calacal\u00ed \u2013 La Independencia \u2013 Los Bancos \u2013 La Concordia<\/span><\/p>\n<p><span style=\"font-weight: 400;\">Las v\u00edas alternas son intervenidas en su competencia por el Gad provincial, incluso, con la ampliaci\u00f3n del camino al recinto Tinalandia, el cual ya se encuentra con el 80% de avance se\u00f1al\u00f3 el director de Obras P\u00fablicas del Gad Provincial, Daniel Moreira.<\/span><\/p>\n<p><span style=\"font-weight: 400;\">Mientras que la v\u00eda Las Mercedes \u2013 San Miguel de Los Bancos fue rebachada de manera superficial en tramos \u00e1lgidos desde el km 8 hasta <\/span>el <span style=\"font-weight: 400;\">10, expres\u00f3 Bryan S\u00e1nchez, director distrital del Ministerio de Transporte y Obras P\u00fablicas.<img loading=\"lazy\" decoding=\"async\" class=\"size-medium wp-image-20646 alignright\" src=\"https:\/\/zaracaytv.com\/wp-content\/uploads\/2025\/06\/tu8o-300x172.png\" alt=\"\" width=\"300\" height=\"172\" loading=\"lazy\" srcset=\"https:\/\/zaracaytv.com\/wp-content\/uploads\/2025\/06\/tu8o-300x172.png 300w, https:\/\/zaracaytv.com\/wp-content\/uploads\/2025\/06\/tu8o-1024x589.png 1024w, https:\/\/zaracaytv.com\/wp-content\/uploads\/2025\/06\/tu8o-768x441.png 768w, https:\/\/zaracaytv.com\/wp-content\/uploads\/2025\/06\/tu8o-1536x883.png 1536w, https:\/\/zaracaytv.com\/wp-content\/uploads\/2025\/06\/tu8o-570x328.png 570w, https:\/\/zaracaytv.com\/wp-content\/uploads\/2025\/06\/tu8o-270x155.png 270w, https:\/\/zaracaytv.com\/wp-content\/uploads\/2025\/06\/tu8o.png 1592w\" sizes=\"auto, (max-width: 300px) 100vw, 300px\" \/><\/span><\/p>\n<p><span style=\"font-weight: 400;\">Los transportistas y comerciantes comprendieron la necesidad de la intervenci\u00f3n del tramo 83 para evitar a futuro emergencias y se comprometieron a ajustarse a las rutas alternas.<\/span><\/p>\n<p><span style=\"font-weight: 400;\">Desde el Gad parroquial de Alluriqu\u00edn se inform\u00f3 que por temas de seguridad y regulaci\u00f3n del tr\u00e1nsito personal de la polic\u00eda se ubicar\u00e1 en la Y de la Magdalena con el fin de apoyar a los conductores.<\/span><\/p>\n<p>\u00a0<\/p>\n<p><iframe title=\"LA REGI\u00d3N - CIERRE TEMPORAL DE LA V\u00cdA AL\u00d3AG - SANTO DOMINGO KM 83 INICIAR\u00c1 ESTE S\u00c1BADO 07 DE JUNIO\" width=\"800\" height=\"450\" src=\"https:\/\/www.youtube.com\/embed\/MwoHAd1B4BM?feature=oembed\" frameborder=\"0\" allow=\"accelerometer; autoplay; clipboard-write; encrypted-media; gyroscope; picture-in-picture; web-share\" referrerpolicy=\"strict-origin-when-cross-origin\" allowfullscreen><\/iframe><\/p>\n<\/body>","protected":false},"excerpt":{"rendered":"<p>Desde este s\u00e1bado 7 a partir de las 06:00 hasta las 18:00 del s\u00e1bado 14 de junio se cerrar\u00e1 el kil\u00f3metro 83 de la v\u00eda Al\u00f3ag \u2013 Santo Domingo debido a los trabajos de estabilizaci\u00f3n del talud, que se realizar\u00e1n en este tram\u00f3, explic\u00f3 Johana N\u00fa\u00f1ez, prefecta de Santo Domingo de los Ts\u00e1chilas. Las rutas [&hellip;]<\/p>\n","protected":false},"author":4,"featured_media":20645,"comment_status":"closed","ping_status":"closed","sticky":false,"template":"","format":"standard","meta":{"om_disable_all_campaigns":false,"_joinchat":[],"footnotes":""},"categories":[31],"tags":[],"class_list":["post-20644","post","type-post","status-publish","format-standard","has-post-thumbnail","hentry","category-la-region"],"_links":{"self":[{"href":"https:\/\/zaracaytv.com\/index.php?rest_route=\/wp\/v2\/posts\/20644","targetHints":{"allow":["GET"]}}],"collection":[{"href":"https:\/\/zaracaytv.com\/index.php?rest_route=\/wp\/v2\/posts"}],"about":[{"href":"https:\/\/zaracaytv.com\/index.php?rest_route=\/wp\/v2\/types\/post"}],"author":[{"embeddable":true,"href":"https:\/\/zaracaytv.com\/index.php?rest_route=\/wp\/v2\/users\/4"}],"replies":[{"embeddable":true,"href":"https:\/\/zaracaytv.com\/index.php?rest_route=%2Fwp%2Fv2%2Fcomments&post=20644"}],"version-history":[{"count":2,"href":"https:\/\/zaracaytv.com\/index.php?rest_route=\/wp\/v2\/posts\/20644\/revisions"}],"predecessor-version":[{"id":20649,"href":"https:\/\/zaracaytv.com\/index.php?rest_route=\/wp\/v2\/posts\/20644\/revisions\/20649"}],"wp:featuredmedia":[{"embeddable":true,"href":"https:\/\/zaracaytv.com\/index.php?rest_route=\/wp\/v2\/media\/20645"}],"wp:attachment":[{"href":"https:\/\/zaracaytv.com\/index.php?rest_route=%2Fwp%2Fv2%2Fmedia&parent=20644"}],"wp:term":[{"taxonomy":"category","embeddable":true,"href":"https:\/\/zaracaytv.com\/index.php?rest_route=%2Fwp%2Fv2%2Fcategories&post=20644"},{"taxonomy":"post_tag","embeddable":true,"href":"https:\/\/zaracaytv.com\/index.php?rest_route=%2Fwp%2Fv2%2Ftags&post=20644"}],"curies":[{"name":"wp","href":"https:\/\/api.w.org\/{rel}","templated":true}]}}