{"id":20635,"date":"2025-06-06T17:27:14","date_gmt":"2025-06-06T22:27:14","guid":{"rendered":"https:\/\/zaracaytv.com\/?p=20635"},"modified":"2025-06-06T17:28:57","modified_gmt":"2025-06-06T22:28:57","slug":"usuarios-cuestionan-atencion-y-planillas-en-cnel-en-santo-domingo","status":"publish","type":"post","link":"https:\/\/zaracaytv.com\/?p=20635","title":{"rendered":"USUARIOS CUESTIONAN ATENCI\u00d3N Y PLANILLAS EN CNEL EN SANTO DOMINGO"},"content":{"rendered":"<body><p><\/p><img loading=\"lazy\" decoding=\"async\" class=\"size-medium wp-image-20636 alignleft\" src=\"https:\/\/zaracaytv.com\/wp-content\/uploads\/2025\/06\/redyet-300x160.png\" alt=\"\" width=\"300\" height=\"160\" loading=\"lazy\" srcset=\"https:\/\/zaracaytv.com\/wp-content\/uploads\/2025\/06\/redyet-300x160.png 300w, https:\/\/zaracaytv.com\/wp-content\/uploads\/2025\/06\/redyet-1024x547.png 1024w, https:\/\/zaracaytv.com\/wp-content\/uploads\/2025\/06\/redyet-768x410.png 768w, https:\/\/zaracaytv.com\/wp-content\/uploads\/2025\/06\/redyet-1536x821.png 1536w, https:\/\/zaracaytv.com\/wp-content\/uploads\/2025\/06\/redyet-570x305.png 570w, https:\/\/zaracaytv.com\/wp-content\/uploads\/2025\/06\/redyet-270x144.png 270w, https:\/\/zaracaytv.com\/wp-content\/uploads\/2025\/06\/redyet.png 1649w\" sizes=\"auto, (max-width: 300px) 100vw, 300px\" \/>Columnas de ambos lados se formaron en los exteriores de la Delegaci\u00f3n de la Corporaci\u00f3n Nacional de Electricidad de Santo Domingo de los Ts\u00e1chilas por parte de ciudadanos, los cuales denunciaron, inconformes, la atenci\u00f3n que se dio este 5 de junio por parte de esta entidad.\n<p>Los reclamos de algunos ciudadanos fueron por la larga espera y la falta de garant\u00edas de poder realizar sus tr\u00e1mites como la solicitud de medidores o el reclamo por los valores de las planillas de electricidad.<\/p>\n<p>Adem\u00e1s, en sectores rurales como Placer del Toachi, los habitantes denuncian cortes de energ\u00eda constantes. Esto ha causado perjuicios para sus electrodom\u00e9sticos.<img loading=\"lazy\" decoding=\"async\" class=\"size-medium wp-image-20637 alignright\" src=\"https:\/\/zaracaytv.com\/wp-content\/uploads\/2025\/06\/mo-300x169.png\" alt=\"\" width=\"300\" height=\"169\" loading=\"lazy\" srcset=\"https:\/\/zaracaytv.com\/wp-content\/uploads\/2025\/06\/mo-300x169.png 300w, https:\/\/zaracaytv.com\/wp-content\/uploads\/2025\/06\/mo-1024x576.png 1024w, https:\/\/zaracaytv.com\/wp-content\/uploads\/2025\/06\/mo-768x432.png 768w, https:\/\/zaracaytv.com\/wp-content\/uploads\/2025\/06\/mo-1536x864.png 1536w, https:\/\/zaracaytv.com\/wp-content\/uploads\/2025\/06\/mo-570x321.png 570w, https:\/\/zaracaytv.com\/wp-content\/uploads\/2025\/06\/mo-270x152.png 270w, https:\/\/zaracaytv.com\/wp-content\/uploads\/2025\/06\/mo.png 1577w\" sizes=\"auto, (max-width: 300px) 100vw, 300px\" \/><\/p>\n<p>Por su parte, los adultos mayores denunciaron la vulneraci\u00f3n a sus derechos, pues a pesar de que existe una ventanilla preferencial, varios tuvieron que esperar por horas para hacer sus tr\u00e1mites, se\u00f1alaron algunos de ellos.<\/p>\n<p>\u201cPor quinta ocasi\u00f3n se ha solicitado un pronunciamiento por parte de la Delegaci\u00f3n de la Corporaci\u00f3n Nacional de Electricidad sobre la atenci\u00f3n, la falta de medidores y el incremento en las planillas, sin embargo no obtuvimos respuesta\u201d. Los ciudadanos exigen a la entidad mejorar la atenci\u00f3n al cliente, pues el trato recibido no ha sido el id\u00f3neo, mencionaron.<\/p>\n<p>\u00a0<\/p>\n<p><iframe title=\"LA REGI\u00d3N -- USUARIOS CUESTIONAN ATENCI\u00d3N Y PLANILLAS EN CNEL EN SANTO DOMINGO\" width=\"800\" height=\"450\" src=\"https:\/\/www.youtube.com\/embed\/GI_zYp1U0M8?feature=oembed\" frameborder=\"0\" allow=\"accelerometer; autoplay; clipboard-write; encrypted-media; gyroscope; picture-in-picture; web-share\" referrerpolicy=\"strict-origin-when-cross-origin\" allowfullscreen><\/iframe><\/p>\n<\/body>","protected":false},"excerpt":{"rendered":"<p>Columnas de ambos lados se formaron en los exteriores de la Delegaci\u00f3n de la Corporaci\u00f3n Nacional de Electricidad de Santo Domingo de los Ts\u00e1chilas por parte de ciudadanos, los cuales denunciaron, inconformes, la atenci\u00f3n que se dio este 5 de junio por parte de esta entidad. Los reclamos de algunos ciudadanos fueron por la larga [&hellip;]<\/p>\n","protected":false},"author":4,"featured_media":20637,"comment_status":"closed","ping_status":"closed","sticky":false,"template":"","format":"standard","meta":{"om_disable_all_campaigns":false,"_joinchat":[],"footnotes":""},"categories":[31],"tags":[],"class_list":["post-20635","post","type-post","status-publish","format-standard","has-post-thumbnail","hentry","category-la-region"],"_links":{"self":[{"href":"https:\/\/zaracaytv.com\/index.php?rest_route=\/wp\/v2\/posts\/20635","targetHints":{"allow":["GET"]}}],"collection":[{"href":"https:\/\/zaracaytv.com\/index.php?rest_route=\/wp\/v2\/posts"}],"about":[{"href":"https:\/\/zaracaytv.com\/index.php?rest_route=\/wp\/v2\/types\/post"}],"author":[{"embeddable":true,"href":"https:\/\/zaracaytv.com\/index.php?rest_route=\/wp\/v2\/users\/4"}],"replies":[{"embeddable":true,"href":"https:\/\/zaracaytv.com\/index.php?rest_route=%2Fwp%2Fv2%2Fcomments&post=20635"}],"version-history":[{"count":1,"href":"https:\/\/zaracaytv.com\/index.php?rest_route=\/wp\/v2\/posts\/20635\/revisions"}],"predecessor-version":[{"id":20638,"href":"https:\/\/zaracaytv.com\/index.php?rest_route=\/wp\/v2\/posts\/20635\/revisions\/20638"}],"wp:featuredmedia":[{"embeddable":true,"href":"https:\/\/zaracaytv.com\/index.php?rest_route=\/wp\/v2\/media\/20637"}],"wp:attachment":[{"href":"https:\/\/zaracaytv.com\/index.php?rest_route=%2Fwp%2Fv2%2Fmedia&parent=20635"}],"wp:term":[{"taxonomy":"category","embeddable":true,"href":"https:\/\/zaracaytv.com\/index.php?rest_route=%2Fwp%2Fv2%2Fcategories&post=20635"},{"taxonomy":"post_tag","embeddable":true,"href":"https:\/\/zaracaytv.com\/index.php?rest_route=%2Fwp%2Fv2%2Ftags&post=20635"}],"curies":[{"name":"wp","href":"https:\/\/api.w.org\/{rel}","templated":true}]}}