{"id":20616,"date":"2025-06-05T19:56:48","date_gmt":"2025-06-06T00:56:48","guid":{"rendered":"https:\/\/zaracaytv.com\/?p=20616"},"modified":"2025-06-05T19:58:40","modified_gmt":"2025-06-06T00:58:40","slug":"comerciantes-y-usuarios-del-mercado-central-de-santo-domingo-denuncian-falta-de-mantenimiento","status":"publish","type":"post","link":"https:\/\/zaracaytv.com\/?p=20616","title":{"rendered":"COMERCIANTES Y USUARIOS DEL MERCADO CENTRAL DE SANTO DOMINGO DENUNCIAN FALTA DE MANTENIMIENTO"},"content":{"rendered":"<body><p><\/p><img loading=\"lazy\" decoding=\"async\" class=\"size-medium wp-image-20617 alignleft\" src=\"https:\/\/zaracaytv.com\/wp-content\/uploads\/2025\/06\/t7y8-300x192.png\" alt=\"\" width=\"300\" height=\"192\" loading=\"lazy\" srcset=\"https:\/\/zaracaytv.com\/wp-content\/uploads\/2025\/06\/t7y8-300x192.png 300w, https:\/\/zaracaytv.com\/wp-content\/uploads\/2025\/06\/t7y8-1024x655.png 1024w, https:\/\/zaracaytv.com\/wp-content\/uploads\/2025\/06\/t7y8-768x491.png 768w, https:\/\/zaracaytv.com\/wp-content\/uploads\/2025\/06\/t7y8-516x330.png 516w, https:\/\/zaracaytv.com\/wp-content\/uploads\/2025\/06\/t7y8-270x173.png 270w, https:\/\/zaracaytv.com\/wp-content\/uploads\/2025\/06\/t7y8.png 1444w\" sizes=\"auto, (max-width: 300px) 100vw, 300px\" \/>Las m\u00e1quinas del parqueadero del Mercado Central Municipal ubicado entre las calles Guayaquil y Ambato no funcionan, denuncian los clientes. Se\u00f1alan que tienen que tomar fotos cuando ingresan al garaje, para luego presentar esta evidencia y que les cobren a la salida. Situaci\u00f3n que est\u00e1 causando problemas, pues los conductores tienen que detenerse y est\u00e1n expuestos a ser asaltados, enfatizaron.\n<p>Pero este no es el \u00fanico problema en el parqueadero, la escasa iluminaci\u00f3n vuelve el lugar inseguro para dejar los veh\u00edculos. Muchos conductores tienen que encender las luces para evitar chocar con otro automotor. Esta situaci\u00f3n est\u00e1 perjudicando sobre todo a los comerciantes, quienes se\u00f1alan que el parqueadero se cierra temprano y pierden clientes. <img loading=\"lazy\" decoding=\"async\" class=\"size-medium wp-image-20618 alignright\" src=\"https:\/\/zaracaytv.com\/wp-content\/uploads\/2025\/06\/dgo-300x170.png\" alt=\"\" width=\"300\" height=\"170\" loading=\"lazy\" srcset=\"https:\/\/zaracaytv.com\/wp-content\/uploads\/2025\/06\/dgo-300x170.png 300w, https:\/\/zaracaytv.com\/wp-content\/uploads\/2025\/06\/dgo-1024x581.png 1024w, https:\/\/zaracaytv.com\/wp-content\/uploads\/2025\/06\/dgo-768x436.png 768w, https:\/\/zaracaytv.com\/wp-content\/uploads\/2025\/06\/dgo-1536x872.png 1536w, https:\/\/zaracaytv.com\/wp-content\/uploads\/2025\/06\/dgo-570x324.png 570w, https:\/\/zaracaytv.com\/wp-content\/uploads\/2025\/06\/dgo-270x153.png 270w, https:\/\/zaracaytv.com\/wp-content\/uploads\/2025\/06\/dgo.png 1594w\" sizes=\"auto, (max-width: 300px) 100vw, 300px\" \/><\/p>\n<p>Dentro de este mercado la situaci\u00f3n se agrava con respecto a las escaleras el\u00e9ctricas, que desde que se construy\u00f3 han tenido problemas para funcionar. Los clientes tienen complicaciones para subir hacia el segundo piso donde se encuentra el patio de comidas y las instalaciones de varias entidades municipales. Exigen el arreglo de las mismas.<\/p>\n<p>De igual forma exigen que el GAD Municipal de Santo Domingo destine el presupuesto necesario para el mantenimiento del parqueadero y otras \u00e1reas dentro de las instalaciones, las cuales son cruciales para ofrecer un buen servicio a los clientes.<\/p>\n<p>\u00a0<\/p>\n<p><iframe title=\"LA COMUNIDAD - QUEJAS POR FALTA DE MANTENIMIENTO EN EL MERCADO CENTRAL DE SANTO DOMINGO\" width=\"800\" height=\"450\" src=\"https:\/\/www.youtube.com\/embed\/JWm7TxONZUg?feature=oembed\" frameborder=\"0\" allow=\"accelerometer; autoplay; clipboard-write; encrypted-media; gyroscope; picture-in-picture; web-share\" referrerpolicy=\"strict-origin-when-cross-origin\" allowfullscreen><\/iframe><\/p>\n<p>\u00a0<\/p>\n<\/body>","protected":false},"excerpt":{"rendered":"<p>Las m\u00e1quinas del parqueadero del Mercado Central Municipal ubicado entre las calles Guayaquil y Ambato no funcionan, denuncian los clientes. Se\u00f1alan que tienen que tomar fotos cuando ingresan al garaje, para luego presentar esta evidencia y que les cobren a la salida. Situaci\u00f3n que est\u00e1 causando problemas, pues los conductores tienen que detenerse y est\u00e1n [&hellip;]<\/p>\n","protected":false},"author":4,"featured_media":20617,"comment_status":"closed","ping_status":"closed","sticky":false,"template":"","format":"standard","meta":{"om_disable_all_campaigns":false,"_joinchat":[],"footnotes":""},"categories":[31],"tags":[],"class_list":["post-20616","post","type-post","status-publish","format-standard","has-post-thumbnail","hentry","category-la-region"],"_links":{"self":[{"href":"https:\/\/zaracaytv.com\/index.php?rest_route=\/wp\/v2\/posts\/20616","targetHints":{"allow":["GET"]}}],"collection":[{"href":"https:\/\/zaracaytv.com\/index.php?rest_route=\/wp\/v2\/posts"}],"about":[{"href":"https:\/\/zaracaytv.com\/index.php?rest_route=\/wp\/v2\/types\/post"}],"author":[{"embeddable":true,"href":"https:\/\/zaracaytv.com\/index.php?rest_route=\/wp\/v2\/users\/4"}],"replies":[{"embeddable":true,"href":"https:\/\/zaracaytv.com\/index.php?rest_route=%2Fwp%2Fv2%2Fcomments&post=20616"}],"version-history":[{"count":3,"href":"https:\/\/zaracaytv.com\/index.php?rest_route=\/wp\/v2\/posts\/20616\/revisions"}],"predecessor-version":[{"id":20621,"href":"https:\/\/zaracaytv.com\/index.php?rest_route=\/wp\/v2\/posts\/20616\/revisions\/20621"}],"wp:featuredmedia":[{"embeddable":true,"href":"https:\/\/zaracaytv.com\/index.php?rest_route=\/wp\/v2\/media\/20617"}],"wp:attachment":[{"href":"https:\/\/zaracaytv.com\/index.php?rest_route=%2Fwp%2Fv2%2Fmedia&parent=20616"}],"wp:term":[{"taxonomy":"category","embeddable":true,"href":"https:\/\/zaracaytv.com\/index.php?rest_route=%2Fwp%2Fv2%2Fcategories&post=20616"},{"taxonomy":"post_tag","embeddable":true,"href":"https:\/\/zaracaytv.com\/index.php?rest_route=%2Fwp%2Fv2%2Ftags&post=20616"}],"curies":[{"name":"wp","href":"https:\/\/api.w.org\/{rel}","templated":true}]}}