{"id":20612,"date":"2025-06-05T19:26:14","date_gmt":"2025-06-06T00:26:14","guid":{"rendered":"https:\/\/zaracaytv.com\/?p=20612"},"modified":"2025-06-05T19:27:35","modified_gmt":"2025-06-06T00:27:35","slug":"porcicultores-de-santo-domingo-alertan-sobre-bajos-precios-de-la-carne-de-cerdo","status":"publish","type":"post","link":"https:\/\/zaracaytv.com\/?p=20612","title":{"rendered":"PORCICULTORES DE SANTO DOMINGO ALERTAN SOBRE BAJOS PRECIOS DE LA CARNE DE CERDO"},"content":{"rendered":"<body><p><\/p><img loading=\"lazy\" decoding=\"async\" class=\"size-medium wp-image-20613 alignright\" src=\"https:\/\/zaracaytv.com\/wp-content\/uploads\/2025\/06\/fy8u-300x173.png\" alt=\"\" width=\"300\" height=\"173\" loading=\"lazy\" srcset=\"https:\/\/zaracaytv.com\/wp-content\/uploads\/2025\/06\/fy8u-300x173.png 300w, https:\/\/zaracaytv.com\/wp-content\/uploads\/2025\/06\/fy8u-1024x589.png 1024w, https:\/\/zaracaytv.com\/wp-content\/uploads\/2025\/06\/fy8u-768x442.png 768w, https:\/\/zaracaytv.com\/wp-content\/uploads\/2025\/06\/fy8u-570x328.png 570w, https:\/\/zaracaytv.com\/wp-content\/uploads\/2025\/06\/fy8u-270x155.png 270w, https:\/\/zaracaytv.com\/wp-content\/uploads\/2025\/06\/fy8u.png 1440w\" sizes=\"auto, (max-width: 300px) 100vw, 300px\" \/>La libra de cerdo se mantiene en $0.80, un valor que est\u00e1 afectando a los porcicultores de Santo Domingo. Luc\u00eda Narv\u00e1ez, quien lleva 8 a\u00f1os dedic\u00e1ndose a la producci\u00f3n porcina en Praderas del Toachi, manifiesta que los precios de la carne se redujeron unos d\u00edas antes de la Semana Santa y hasta la fecha NO se ha logrado estabilizar. Considera que para obtener ganancias este gremio productivo debe cobrar al menos $1,10.\n<p>Fabi\u00e1n Cede\u00f1o, distribuidor de balanceados en Santo Domingo, explic\u00f3 que el costo de los insumos han permanecido iguales, sin embargo ante la reducci\u00f3n en el valor por libra del cerdo, los porcicultores compran menos. Antes, en su centro de acopio se vend\u00edan hasta 400 toneladas por mes, ahora se redujo a 350 ante la crisis que vive este sector comercial del pa\u00eds.<\/p>\n<p><img loading=\"lazy\" decoding=\"async\" class=\"size-medium wp-image-20614 alignleft\" src=\"https:\/\/zaracaytv.com\/wp-content\/uploads\/2025\/06\/90-1-300x164.png\" alt=\"\" width=\"300\" height=\"164\" loading=\"lazy\" srcset=\"https:\/\/zaracaytv.com\/wp-content\/uploads\/2025\/06\/90-1-300x164.png 300w, https:\/\/zaracaytv.com\/wp-content\/uploads\/2025\/06\/90-1-1024x559.png 1024w, https:\/\/zaracaytv.com\/wp-content\/uploads\/2025\/06\/90-1-768x419.png 768w, https:\/\/zaracaytv.com\/wp-content\/uploads\/2025\/06\/90-1-1536x839.png 1536w, https:\/\/zaracaytv.com\/wp-content\/uploads\/2025\/06\/90-1-570x311.png 570w, https:\/\/zaracaytv.com\/wp-content\/uploads\/2025\/06\/90-1-270x147.png 270w, https:\/\/zaracaytv.com\/wp-content\/uploads\/2025\/06\/90-1.png 1557w\" sizes=\"auto, (max-width: 300px) 100vw, 300px\" \/>Quienes se dedican a la crianza de cerdos como Estela Ocampo explican que el valor del balanceado es de $25 y cada semana tiene que adquirir un saco de 40 kilogramos para abastecer a sus animales, sin embargo, esta inversi\u00f3n no se ve reflejada durante la venta de los cerditos.<\/p>\n<p>A esta crisis se une el gremio avicultor, quienes debido a la sobreproducci\u00f3n en la venta de las aves su valor de compra se mantiene bajo expusieron los productores, quienes est\u00e1n a la expectativa que a finales de junio el valor de esta carne vuelva a subir.<\/p>\n<\/body>","protected":false},"excerpt":{"rendered":"<p>La libra de cerdo se mantiene en $0.80, un valor que est\u00e1 afectando a los porcicultores de Santo Domingo. Luc\u00eda Narv\u00e1ez, quien lleva 8 a\u00f1os dedic\u00e1ndose a la producci\u00f3n porcina en Praderas del Toachi, manifiesta que los precios de la carne se redujeron unos d\u00edas antes de la Semana Santa y hasta la fecha NO [&hellip;]<\/p>\n","protected":false},"author":4,"featured_media":20613,"comment_status":"closed","ping_status":"closed","sticky":false,"template":"","format":"standard","meta":{"om_disable_all_campaigns":false,"_joinchat":[],"footnotes":""},"categories":[31],"tags":[],"class_list":["post-20612","post","type-post","status-publish","format-standard","has-post-thumbnail","hentry","category-la-region"],"_links":{"self":[{"href":"https:\/\/zaracaytv.com\/index.php?rest_route=\/wp\/v2\/posts\/20612","targetHints":{"allow":["GET"]}}],"collection":[{"href":"https:\/\/zaracaytv.com\/index.php?rest_route=\/wp\/v2\/posts"}],"about":[{"href":"https:\/\/zaracaytv.com\/index.php?rest_route=\/wp\/v2\/types\/post"}],"author":[{"embeddable":true,"href":"https:\/\/zaracaytv.com\/index.php?rest_route=\/wp\/v2\/users\/4"}],"replies":[{"embeddable":true,"href":"https:\/\/zaracaytv.com\/index.php?rest_route=%2Fwp%2Fv2%2Fcomments&post=20612"}],"version-history":[{"count":1,"href":"https:\/\/zaracaytv.com\/index.php?rest_route=\/wp\/v2\/posts\/20612\/revisions"}],"predecessor-version":[{"id":20615,"href":"https:\/\/zaracaytv.com\/index.php?rest_route=\/wp\/v2\/posts\/20612\/revisions\/20615"}],"wp:featuredmedia":[{"embeddable":true,"href":"https:\/\/zaracaytv.com\/index.php?rest_route=\/wp\/v2\/media\/20613"}],"wp:attachment":[{"href":"https:\/\/zaracaytv.com\/index.php?rest_route=%2Fwp%2Fv2%2Fmedia&parent=20612"}],"wp:term":[{"taxonomy":"category","embeddable":true,"href":"https:\/\/zaracaytv.com\/index.php?rest_route=%2Fwp%2Fv2%2Fcategories&post=20612"},{"taxonomy":"post_tag","embeddable":true,"href":"https:\/\/zaracaytv.com\/index.php?rest_route=%2Fwp%2Fv2%2Ftags&post=20612"}],"curies":[{"name":"wp","href":"https:\/\/api.w.org\/{rel}","templated":true}]}}