{"id":20608,"date":"2025-06-05T19:10:31","date_gmt":"2025-06-06T00:10:31","guid":{"rendered":"https:\/\/zaracaytv.com\/?p=20608"},"modified":"2025-06-05T19:11:04","modified_gmt":"2025-06-06T00:11:04","slug":"comunas-tsachilas-exigen-mantenimiento-de-vias-para-mejorar-conexion-y-fomentar-el-turismo","status":"publish","type":"post","link":"https:\/\/zaracaytv.com\/?p=20608","title":{"rendered":"COMUNAS TS\u00c1CHILAS EXIGEN MANTENIMIENTO DE V\u00cdAS PARA MEJORAR CONEXI\u00d3N Y FOMENTAR EL TURISMO"},"content":{"rendered":"<body><p><\/p><img loading=\"lazy\" decoding=\"async\" class=\"size-medium wp-image-20609 alignright\" src=\"https:\/\/zaracaytv.com\/wp-content\/uploads\/2025\/06\/3tydr-300x166.png\" alt=\"\" width=\"300\" height=\"166\" loading=\"lazy\" srcset=\"https:\/\/zaracaytv.com\/wp-content\/uploads\/2025\/06\/3tydr-300x166.png 300w, https:\/\/zaracaytv.com\/wp-content\/uploads\/2025\/06\/3tydr-1024x567.png 1024w, https:\/\/zaracaytv.com\/wp-content\/uploads\/2025\/06\/3tydr-768x425.png 768w, https:\/\/zaracaytv.com\/wp-content\/uploads\/2025\/06\/3tydr-1536x850.png 1536w, https:\/\/zaracaytv.com\/wp-content\/uploads\/2025\/06\/3tydr-570x316.png 570w, https:\/\/zaracaytv.com\/wp-content\/uploads\/2025\/06\/3tydr-270x149.png 270w, https:\/\/zaracaytv.com\/wp-content\/uploads\/2025\/06\/3tydr.png 1604w\" sizes=\"auto, (max-width: 300px) 100vw, 300px\" \/>En la Gobernaci\u00f3n de la nacionalidad Ts\u00e1chila se realiz\u00f3 este 5 de junio una reuni\u00f3n entre los habitantes de las 7 comunas y los representantes del Gad Provincial para coordinar un plan de mantenimiento vial. Mateo Calazac\u00f3n, gobernador de la etnia, mencion\u00f3 que es necesaria la intervenci\u00f3n para que los turistas y agricultores no tengan problemas al visitar las comunas. Solicit\u00f3 un cronograma y una propuesta clara de las autoridades.\n<p>Johana N\u00fa\u00f1ez, prefecta de la provincia, destac\u00f3 la reuni\u00f3n para dar a conocer el inicio del mantenimiento vial de las 7 comunas. Adem\u00e1s, enfatiz\u00f3 que esperan que el Gobierno Central pague los $10 millones que adeuda al Gad Provincial. Una de las opciones ser\u00eda mediante bonos, pues la falta de estos haberes est\u00e1 complicando intervenir en varias v\u00edas de tercer orden de la zona rural y obras en cogesti\u00f3n.<\/p>\n<p><img loading=\"lazy\" decoding=\"async\" class=\"size-medium wp-image-20610 alignleft\" src=\"https:\/\/zaracaytv.com\/wp-content\/uploads\/2025\/06\/ehgt-300x171.png\" alt=\"\" width=\"300\" height=\"171\" loading=\"lazy\" srcset=\"https:\/\/zaracaytv.com\/wp-content\/uploads\/2025\/06\/ehgt-300x171.png 300w, https:\/\/zaracaytv.com\/wp-content\/uploads\/2025\/06\/ehgt-1024x583.png 1024w, https:\/\/zaracaytv.com\/wp-content\/uploads\/2025\/06\/ehgt-768x437.png 768w, https:\/\/zaracaytv.com\/wp-content\/uploads\/2025\/06\/ehgt-1536x874.png 1536w, https:\/\/zaracaytv.com\/wp-content\/uploads\/2025\/06\/ehgt-570x324.png 570w, https:\/\/zaracaytv.com\/wp-content\/uploads\/2025\/06\/ehgt-270x154.png 270w, https:\/\/zaracaytv.com\/wp-content\/uploads\/2025\/06\/ehgt.png 1604w\" sizes=\"auto, (max-width: 300px) 100vw, 300px\" \/>Daniel Aguavil, quien se dedica a la agricultura, explic\u00f3 que el mantenimiento vial es crucial debido a los inconvenientes para sacar los productos como pl\u00e1tano, maracuy\u00e1, yuca, entre otros.<\/p>\n<p>Desde la Gobernaci\u00f3n Ts\u00e1chila se manifest\u00f3 que son m\u00e1s de 200 kil\u00f3metros que deben ser intervenidos por el Gad Provincial. Rutas que han empeorado debido al fuerte invierno por el cual atraves\u00f3 la provincia.<\/p>\n<p>\u00a0<\/p>\n<p>\u00a0<\/p>\n<p><iframe title=\"LA REGI\u00d3N - COMUNAS TS\u00c1CHILAS EXIGEN MANTENIMIENTO DE V\u00cdAS PARA MEJORAR CONEXI\u00d3N Y TURISMO\" width=\"800\" height=\"450\" src=\"https:\/\/www.youtube.com\/embed\/lAqUlxDjpGs?feature=oembed\" frameborder=\"0\" allow=\"accelerometer; autoplay; clipboard-write; encrypted-media; gyroscope; picture-in-picture; web-share\" referrerpolicy=\"strict-origin-when-cross-origin\" allowfullscreen><\/iframe><\/p>\n<\/body>","protected":false},"excerpt":{"rendered":"<p>En la Gobernaci\u00f3n de la nacionalidad Ts\u00e1chila se realiz\u00f3 este 5 de junio una reuni\u00f3n entre los habitantes de las 7 comunas y los representantes del Gad Provincial para coordinar un plan de mantenimiento vial. Mateo Calazac\u00f3n, gobernador de la etnia, mencion\u00f3 que es necesaria la intervenci\u00f3n para que los turistas y agricultores no tengan [&hellip;]<\/p>\n","protected":false},"author":4,"featured_media":20609,"comment_status":"closed","ping_status":"closed","sticky":false,"template":"","format":"standard","meta":{"om_disable_all_campaigns":false,"_joinchat":[],"footnotes":""},"categories":[31],"tags":[],"class_list":["post-20608","post","type-post","status-publish","format-standard","has-post-thumbnail","hentry","category-la-region"],"_links":{"self":[{"href":"https:\/\/zaracaytv.com\/index.php?rest_route=\/wp\/v2\/posts\/20608","targetHints":{"allow":["GET"]}}],"collection":[{"href":"https:\/\/zaracaytv.com\/index.php?rest_route=\/wp\/v2\/posts"}],"about":[{"href":"https:\/\/zaracaytv.com\/index.php?rest_route=\/wp\/v2\/types\/post"}],"author":[{"embeddable":true,"href":"https:\/\/zaracaytv.com\/index.php?rest_route=\/wp\/v2\/users\/4"}],"replies":[{"embeddable":true,"href":"https:\/\/zaracaytv.com\/index.php?rest_route=%2Fwp%2Fv2%2Fcomments&post=20608"}],"version-history":[{"count":1,"href":"https:\/\/zaracaytv.com\/index.php?rest_route=\/wp\/v2\/posts\/20608\/revisions"}],"predecessor-version":[{"id":20611,"href":"https:\/\/zaracaytv.com\/index.php?rest_route=\/wp\/v2\/posts\/20608\/revisions\/20611"}],"wp:featuredmedia":[{"embeddable":true,"href":"https:\/\/zaracaytv.com\/index.php?rest_route=\/wp\/v2\/media\/20609"}],"wp:attachment":[{"href":"https:\/\/zaracaytv.com\/index.php?rest_route=%2Fwp%2Fv2%2Fmedia&parent=20608"}],"wp:term":[{"taxonomy":"category","embeddable":true,"href":"https:\/\/zaracaytv.com\/index.php?rest_route=%2Fwp%2Fv2%2Fcategories&post=20608"},{"taxonomy":"post_tag","embeddable":true,"href":"https:\/\/zaracaytv.com\/index.php?rest_route=%2Fwp%2Fv2%2Ftags&post=20608"}],"curies":[{"name":"wp","href":"https:\/\/api.w.org\/{rel}","templated":true}]}}