{"id":20602,"date":"2025-06-05T18:45:33","date_gmt":"2025-06-05T23:45:33","guid":{"rendered":"https:\/\/zaracaytv.com\/?p=20602"},"modified":"2025-06-05T18:52:29","modified_gmt":"2025-06-05T23:52:29","slug":"jueza-ordena-retiro-de-torniquetes-en-buses-urbanos-de-santo-domingo-y-exige-disculpas-publicas","status":"publish","type":"post","link":"https:\/\/zaracaytv.com\/?p=20602","title":{"rendered":"JUEZA ORDENA RETIRO DE TORNIQUETES EN BUSES URBANOS DE SANTO DOMINGO Y EXIGE DISCULPAS P\u00daBLICAS"},"content":{"rendered":"<body><p><\/p><span style=\"font-weight: 400;\"><img loading=\"lazy\" decoding=\"async\" class=\"size-medium wp-image-20604 alignright\" src=\"https:\/\/zaracaytv.com\/wp-content\/uploads\/2025\/06\/789P-300x170.png\" alt=\"\" width=\"300\" height=\"170\" loading=\"lazy\" srcset=\"https:\/\/zaracaytv.com\/wp-content\/uploads\/2025\/06\/789P-300x170.png 300w, https:\/\/zaracaytv.com\/wp-content\/uploads\/2025\/06\/789P-1024x580.png 1024w, https:\/\/zaracaytv.com\/wp-content\/uploads\/2025\/06\/789P-768x435.png 768w, https:\/\/zaracaytv.com\/wp-content\/uploads\/2025\/06\/789P-1536x870.png 1536w, https:\/\/zaracaytv.com\/wp-content\/uploads\/2025\/06\/789P-570x323.png 570w, https:\/\/zaracaytv.com\/wp-content\/uploads\/2025\/06\/789P-270x153.png 270w, https:\/\/zaracaytv.com\/wp-content\/uploads\/2025\/06\/789P.png 1559w\" sizes=\"auto, (max-width: 300px) 100vw, 300px\" \/>La jueza Susana Sotomayor orden\u00f3 el retiro inmediato de los torniquetes instalados en los buses urbanos de Santo Domingo que integran al Consorcio M\u00cdO. Esta decisi\u00f3n la tom\u00f3 en la audiencia que se instal\u00f3 este jueves 5 de junio.\u00a0<\/span>\n<p><span style=\"font-weight: 400;\">El argumento por parte de los accionantes fue acogido por la jueza. Se comprob\u00f3 que existe una vulneraci\u00f3n de derechos a las personas con discapacidad y todo aquel que se moviliza en las unidades de buses urbanos donde se han instalado los torniquetes.\u00a0<\/span><\/p>\n<p>Las demandas constitucionales fueron presentadas en febrero de este a\u00f1o. La jueza dio un plazo de 30 d\u00edas para retirar los elementos y orden\u00f3 a los transportistas pedir disculpas p\u00fablicas por la vulneraci\u00f3n de derechos.<\/p>\n<p>A pesar de que los transportistas dirigentes apelaron la sentencia, la desinstalaci\u00f3n de los torniquetes debe ser inmediata al tratarse de una Acci\u00f3n de Protecci\u00f3n. Los accionantes advirtieron que ahora los transportistas estar\u00edan pensando en incrementar el valor del pasaje.<\/p>\n<p>\u00a0<\/p>\n<p><iframe title=\"LA REGI\u00d3N - JUEZA ORDENA RETIRO DE TORNIQUETES EN BUSES URBANOS DE SANTO DOMINGO\" width=\"800\" height=\"450\" src=\"https:\/\/www.youtube.com\/embed\/cNbHhvp2q4Y?feature=oembed\" frameborder=\"0\" allow=\"accelerometer; autoplay; clipboard-write; encrypted-media; gyroscope; picture-in-picture; web-share\" referrerpolicy=\"strict-origin-when-cross-origin\" allowfullscreen><\/iframe><\/p>\n<\/body>","protected":false},"excerpt":{"rendered":"<p>La jueza Susana Sotomayor orden\u00f3 el retiro inmediato de los torniquetes instalados en los buses urbanos de Santo Domingo que integran al Consorcio M\u00cdO. Esta decisi\u00f3n la tom\u00f3 en la audiencia que se instal\u00f3 este jueves 5 de junio.\u00a0 El argumento por parte de los accionantes fue acogido por la jueza. Se comprob\u00f3 que existe [&hellip;]<\/p>\n","protected":false},"author":4,"featured_media":20604,"comment_status":"closed","ping_status":"closed","sticky":false,"template":"","format":"standard","meta":{"om_disable_all_campaigns":false,"_joinchat":[],"footnotes":""},"categories":[31],"tags":[],"class_list":["post-20602","post","type-post","status-publish","format-standard","has-post-thumbnail","hentry","category-la-region"],"_links":{"self":[{"href":"https:\/\/zaracaytv.com\/index.php?rest_route=\/wp\/v2\/posts\/20602","targetHints":{"allow":["GET"]}}],"collection":[{"href":"https:\/\/zaracaytv.com\/index.php?rest_route=\/wp\/v2\/posts"}],"about":[{"href":"https:\/\/zaracaytv.com\/index.php?rest_route=\/wp\/v2\/types\/post"}],"author":[{"embeddable":true,"href":"https:\/\/zaracaytv.com\/index.php?rest_route=\/wp\/v2\/users\/4"}],"replies":[{"embeddable":true,"href":"https:\/\/zaracaytv.com\/index.php?rest_route=%2Fwp%2Fv2%2Fcomments&post=20602"}],"version-history":[{"count":3,"href":"https:\/\/zaracaytv.com\/index.php?rest_route=\/wp\/v2\/posts\/20602\/revisions"}],"predecessor-version":[{"id":20607,"href":"https:\/\/zaracaytv.com\/index.php?rest_route=\/wp\/v2\/posts\/20602\/revisions\/20607"}],"wp:featuredmedia":[{"embeddable":true,"href":"https:\/\/zaracaytv.com\/index.php?rest_route=\/wp\/v2\/media\/20604"}],"wp:attachment":[{"href":"https:\/\/zaracaytv.com\/index.php?rest_route=%2Fwp%2Fv2%2Fmedia&parent=20602"}],"wp:term":[{"taxonomy":"category","embeddable":true,"href":"https:\/\/zaracaytv.com\/index.php?rest_route=%2Fwp%2Fv2%2Fcategories&post=20602"},{"taxonomy":"post_tag","embeddable":true,"href":"https:\/\/zaracaytv.com\/index.php?rest_route=%2Fwp%2Fv2%2Ftags&post=20602"}],"curies":[{"name":"wp","href":"https:\/\/api.w.org\/{rel}","templated":true}]}}