{"id":20511,"date":"2025-06-03T12:52:50","date_gmt":"2025-06-03T17:52:50","guid":{"rendered":"https:\/\/zaracaytv.com\/?p=20511"},"modified":"2025-06-03T12:52:50","modified_gmt":"2025-06-03T17:52:50","slug":"santo-domingo-registra-un-brote-de-casos-de-rotavirus","status":"publish","type":"post","link":"https:\/\/zaracaytv.com\/?p=20511","title":{"rendered":"SANTO DOMINGO REGISTRA UN BROTE DE CASOS DE ROTAVIRUS"},"content":{"rendered":"<body><p><\/p><img loading=\"lazy\" decoding=\"async\" class=\"size-medium wp-image-20512 alignleft\" src=\"https:\/\/zaracaytv.com\/wp-content\/uploads\/2025\/06\/wertrdf-300x160.png\" alt=\"\" width=\"300\" height=\"160\" loading=\"lazy\" srcset=\"https:\/\/zaracaytv.com\/wp-content\/uploads\/2025\/06\/wertrdf-300x160.png 300w, https:\/\/zaracaytv.com\/wp-content\/uploads\/2025\/06\/wertrdf-1024x548.png 1024w, https:\/\/zaracaytv.com\/wp-content\/uploads\/2025\/06\/wertrdf-768x411.png 768w, https:\/\/zaracaytv.com\/wp-content\/uploads\/2025\/06\/wertrdf-1536x822.png 1536w, https:\/\/zaracaytv.com\/wp-content\/uploads\/2025\/06\/wertrdf-570x305.png 570w, https:\/\/zaracaytv.com\/wp-content\/uploads\/2025\/06\/wertrdf-270x144.png 270w, https:\/\/zaracaytv.com\/wp-content\/uploads\/2025\/06\/wertrdf.png 1621w\" sizes=\"auto, (max-width: 300px) 100vw, 300px\" \/>Estas \u00faltimas semanas se ha reportado un brote de casos de rotavirus en Santo Domingo. Estos contagios se deben a que no se ha respetado la cadena de fr\u00edo en ciertos alimentos que necesitan de este proceso. Los expertos en epidemiolog\u00eda como Patricio Reyes, consideran que esta enfermedad es c\u00edclica y aparece continuamente en ciertas temporadas del a\u00f1o y se da m\u00e1s en ni\u00f1os.\n<p>Los s\u00edntomas de esta enfermedad son: diarrea acuosa grave, v\u00f3mito, fiebre y dolor de est\u00f3mago. El contagio es simple, al tocar una superficie infectada con las manos y luego, voluntariamente o involuntariamente, tener contacto con la boca. Padecimientos que varios santodomingue\u00f1os han presentado describe el personal de las farmacias, pues cada vez es m\u00e1s com\u00fan que ciudadanos se acerquen a pedir medicamentos por estas dolencias.<\/p>\n<p><img loading=\"lazy\" decoding=\"async\" class=\"size-medium wp-image-20513 alignright\" src=\"https:\/\/zaracaytv.com\/wp-content\/uploads\/2025\/06\/wrt-300x170.png\" alt=\"\" width=\"300\" height=\"170\" loading=\"lazy\" srcset=\"https:\/\/zaracaytv.com\/wp-content\/uploads\/2025\/06\/wrt-300x170.png 300w, https:\/\/zaracaytv.com\/wp-content\/uploads\/2025\/06\/wrt-1024x580.png 1024w, https:\/\/zaracaytv.com\/wp-content\/uploads\/2025\/06\/wrt-768x435.png 768w, https:\/\/zaracaytv.com\/wp-content\/uploads\/2025\/06\/wrt-1536x870.png 1536w, https:\/\/zaracaytv.com\/wp-content\/uploads\/2025\/06\/wrt-570x323.png 570w, https:\/\/zaracaytv.com\/wp-content\/uploads\/2025\/06\/wrt-270x153.png 270w, https:\/\/zaracaytv.com\/wp-content\/uploads\/2025\/06\/wrt.png 1646w\" sizes=\"auto, (max-width: 300px) 100vw, 300px\" \/>Adem\u00e1s, Reyes se\u00f1ala que los casos de tosferina en Santo Domingo de los Ts\u00e1chilas, si bien no avanzan de una manera desmedida, s\u00ed ha existido un aumento. Se\u00f1al\u00f3 que incluso una menor de edad ya ha fallecido en la provincia.<\/p>\n<p>A las madres de familia les preocupa la falta de conciencia en las unidades educativas sobre el uso de las mascarillas, pues la tosferina no es la \u00fanica enfermedad respiratoria en el ambiente.<\/p>\n<p>Se busc\u00f3 informaci\u00f3n del COE Provincial sobre los casos de tosferina y la persona fallecida, sin embargo no obtuvimos respuesta. Los expertos recomiendan a los padres de familia cumplir con los mecanismo de bioseguridad como el uso de mascarillas y de alcohol y el lavado constante de las manos.<\/p>\n<\/body>","protected":false},"excerpt":{"rendered":"<p>Estas \u00faltimas semanas se ha reportado un brote de casos de rotavirus en Santo Domingo. Estos contagios se deben a que no se ha respetado la cadena de fr\u00edo en ciertos alimentos que necesitan de este proceso. Los expertos en epidemiolog\u00eda como Patricio Reyes, consideran que esta enfermedad es c\u00edclica y aparece continuamente en ciertas [&hellip;]<\/p>\n","protected":false},"author":4,"featured_media":20513,"comment_status":"closed","ping_status":"closed","sticky":false,"template":"","format":"standard","meta":{"om_disable_all_campaigns":false,"_joinchat":[],"footnotes":""},"categories":[31],"tags":[],"class_list":["post-20511","post","type-post","status-publish","format-standard","has-post-thumbnail","hentry","category-la-region"],"_links":{"self":[{"href":"https:\/\/zaracaytv.com\/index.php?rest_route=\/wp\/v2\/posts\/20511","targetHints":{"allow":["GET"]}}],"collection":[{"href":"https:\/\/zaracaytv.com\/index.php?rest_route=\/wp\/v2\/posts"}],"about":[{"href":"https:\/\/zaracaytv.com\/index.php?rest_route=\/wp\/v2\/types\/post"}],"author":[{"embeddable":true,"href":"https:\/\/zaracaytv.com\/index.php?rest_route=\/wp\/v2\/users\/4"}],"replies":[{"embeddable":true,"href":"https:\/\/zaracaytv.com\/index.php?rest_route=%2Fwp%2Fv2%2Fcomments&post=20511"}],"version-history":[{"count":1,"href":"https:\/\/zaracaytv.com\/index.php?rest_route=\/wp\/v2\/posts\/20511\/revisions"}],"predecessor-version":[{"id":20514,"href":"https:\/\/zaracaytv.com\/index.php?rest_route=\/wp\/v2\/posts\/20511\/revisions\/20514"}],"wp:featuredmedia":[{"embeddable":true,"href":"https:\/\/zaracaytv.com\/index.php?rest_route=\/wp\/v2\/media\/20513"}],"wp:attachment":[{"href":"https:\/\/zaracaytv.com\/index.php?rest_route=%2Fwp%2Fv2%2Fmedia&parent=20511"}],"wp:term":[{"taxonomy":"category","embeddable":true,"href":"https:\/\/zaracaytv.com\/index.php?rest_route=%2Fwp%2Fv2%2Fcategories&post=20511"},{"taxonomy":"post_tag","embeddable":true,"href":"https:\/\/zaracaytv.com\/index.php?rest_route=%2Fwp%2Fv2%2Ftags&post=20511"}],"curies":[{"name":"wp","href":"https:\/\/api.w.org\/{rel}","templated":true}]}}