{"id":20507,"date":"2025-06-03T12:46:18","date_gmt":"2025-06-03T17:46:18","guid":{"rendered":"https:\/\/zaracaytv.com\/?p=20507"},"modified":"2025-06-03T12:46:57","modified_gmt":"2025-06-03T17:46:57","slug":"la-falta-de-ambulancias-afecta-la-atencion-de-emergencias-en-santo-domingo","status":"publish","type":"post","link":"https:\/\/zaracaytv.com\/?p=20507","title":{"rendered":"LA FALTA DE AMBULANCIAS AFECTA LA ATENCI\u00d3N DE EMERGENCIAS EN SANTO DOMINGO"},"content":{"rendered":"<body><p><\/p><img loading=\"lazy\" decoding=\"async\" class=\"size-medium wp-image-20508 alignleft\" src=\"https:\/\/zaracaytv.com\/wp-content\/uploads\/2025\/06\/t78t5ig-300x168.png\" alt=\"\" width=\"300\" height=\"168\" loading=\"lazy\" srcset=\"https:\/\/zaracaytv.com\/wp-content\/uploads\/2025\/06\/t78t5ig-300x168.png 300w, https:\/\/zaracaytv.com\/wp-content\/uploads\/2025\/06\/t78t5ig-1024x575.png 1024w, https:\/\/zaracaytv.com\/wp-content\/uploads\/2025\/06\/t78t5ig-768x431.png 768w, https:\/\/zaracaytv.com\/wp-content\/uploads\/2025\/06\/t78t5ig-1536x862.png 1536w, https:\/\/zaracaytv.com\/wp-content\/uploads\/2025\/06\/t78t5ig-570x320.png 570w, https:\/\/zaracaytv.com\/wp-content\/uploads\/2025\/06\/t78t5ig-270x152.png 270w, https:\/\/zaracaytv.com\/wp-content\/uploads\/2025\/06\/t78t5ig.png 1632w\" sizes=\"auto, (max-width: 300px) 100vw, 300px\" \/>Tan solo con una ambulancia posthospitalaria cuenta en la actualidad el Ministerio de Salud P\u00fablica de Santo Domingo de los Ts\u00e1chilas para atender a dos cantones. Cuando el aparataje m\u00ednimo de estos veh\u00edculos debe 8 en la provincia para atender al m\u00e1s de medio mill\u00f3n de habitantes, se\u00f1al\u00f3 Hugo Parra, jefe del Cuerpo de Bomberos de Santo Domingo, quien explic\u00f3 que ante este problema se ha prestado automotores prehospitalarios para atender una demanda que sigue en crecimiento.\n<p>Dentro de los centros de salud muchos de estos automotores del MSP se encuentran descompuestos, deteriorados y casi al borde de la chatarrizaci\u00f3n. Situaci\u00f3n que preocupa a los ciudadanos, pues durante accidentes o casos emergentes no pueden ser atendidos oportunamente.<\/p>\n<p>El tiempo promedio de atenci\u00f3n de una de estas ambulancias es de 30 minutos, tras la coordinaci\u00f3n ejecutada por el Ecu 911. Un problema que sucede por la falta de estos automotores, en la provincia se\u00f1alaron los ciudadanos. <img loading=\"lazy\" decoding=\"async\" class=\"size-medium wp-image-20509 alignright\" src=\"https:\/\/zaracaytv.com\/wp-content\/uploads\/2025\/06\/90-300x168.png\" alt=\"\" width=\"300\" height=\"168\" loading=\"lazy\" srcset=\"https:\/\/zaracaytv.com\/wp-content\/uploads\/2025\/06\/90-300x168.png 300w, https:\/\/zaracaytv.com\/wp-content\/uploads\/2025\/06\/90-1024x573.png 1024w, https:\/\/zaracaytv.com\/wp-content\/uploads\/2025\/06\/90-768x430.png 768w, https:\/\/zaracaytv.com\/wp-content\/uploads\/2025\/06\/90-1536x860.png 1536w, https:\/\/zaracaytv.com\/wp-content\/uploads\/2025\/06\/90-570x319.png 570w, https:\/\/zaracaytv.com\/wp-content\/uploads\/2025\/06\/90-270x151.png 270w, https:\/\/zaracaytv.com\/wp-content\/uploads\/2025\/06\/90.png 1618w\" sizes=\"auto, (max-width: 300px) 100vw, 300px\" \/><\/p>\n<p>Se busc\u00f3 una entrevista con el Gobernador Miguel Quezada y la directora del Distrito 23D01 sobre esta problem\u00e1tica y si ya estaba trabajando el personal de limpieza, sin embargo no obtuvimos una respuesta. Debido a este problema el personal operativo de las ambulancias se mantiene sin laborar, pues no cuentan con los automotores para atender a la poblaci\u00f3n.<\/p>\n<p>\u00a0<\/p>\n<\/body>","protected":false},"excerpt":{"rendered":"<p>Tan solo con una ambulancia posthospitalaria cuenta en la actualidad el Ministerio de Salud P\u00fablica de Santo Domingo de los Ts\u00e1chilas para atender a dos cantones. Cuando el aparataje m\u00ednimo de estos veh\u00edculos debe 8 en la provincia para atender al m\u00e1s de medio mill\u00f3n de habitantes, se\u00f1al\u00f3 Hugo Parra, jefe del Cuerpo de Bomberos [&hellip;]<\/p>\n","protected":false},"author":4,"featured_media":20508,"comment_status":"closed","ping_status":"closed","sticky":false,"template":"","format":"standard","meta":{"om_disable_all_campaigns":false,"_joinchat":[],"footnotes":""},"categories":[31],"tags":[],"class_list":["post-20507","post","type-post","status-publish","format-standard","has-post-thumbnail","hentry","category-la-region"],"_links":{"self":[{"href":"https:\/\/zaracaytv.com\/index.php?rest_route=\/wp\/v2\/posts\/20507","targetHints":{"allow":["GET"]}}],"collection":[{"href":"https:\/\/zaracaytv.com\/index.php?rest_route=\/wp\/v2\/posts"}],"about":[{"href":"https:\/\/zaracaytv.com\/index.php?rest_route=\/wp\/v2\/types\/post"}],"author":[{"embeddable":true,"href":"https:\/\/zaracaytv.com\/index.php?rest_route=\/wp\/v2\/users\/4"}],"replies":[{"embeddable":true,"href":"https:\/\/zaracaytv.com\/index.php?rest_route=%2Fwp%2Fv2%2Fcomments&post=20507"}],"version-history":[{"count":1,"href":"https:\/\/zaracaytv.com\/index.php?rest_route=\/wp\/v2\/posts\/20507\/revisions"}],"predecessor-version":[{"id":20510,"href":"https:\/\/zaracaytv.com\/index.php?rest_route=\/wp\/v2\/posts\/20507\/revisions\/20510"}],"wp:featuredmedia":[{"embeddable":true,"href":"https:\/\/zaracaytv.com\/index.php?rest_route=\/wp\/v2\/media\/20508"}],"wp:attachment":[{"href":"https:\/\/zaracaytv.com\/index.php?rest_route=%2Fwp%2Fv2%2Fmedia&parent=20507"}],"wp:term":[{"taxonomy":"category","embeddable":true,"href":"https:\/\/zaracaytv.com\/index.php?rest_route=%2Fwp%2Fv2%2Fcategories&post=20507"},{"taxonomy":"post_tag","embeddable":true,"href":"https:\/\/zaracaytv.com\/index.php?rest_route=%2Fwp%2Fv2%2Ftags&post=20507"}],"curies":[{"name":"wp","href":"https:\/\/api.w.org\/{rel}","templated":true}]}}