{"id":20502,"date":"2025-06-02T16:58:37","date_gmt":"2025-06-02T21:58:37","guid":{"rendered":"https:\/\/zaracaytv.com\/?p=20502"},"modified":"2025-06-02T16:58:37","modified_gmt":"2025-06-02T21:58:37","slug":"usuarios-de-cnel-reclaman-por-altos-valores-en-las-planillas-de-luz","status":"publish","type":"post","link":"https:\/\/zaracaytv.com\/?p=20502","title":{"rendered":"USUARIOS DE CNEL RECLAMAN POR ALTOS VALORES EN LAS PLANILLAS DE LUZ"},"content":{"rendered":"<body><p><\/p><img loading=\"lazy\" decoding=\"async\" class=\"size-medium wp-image-20503 alignleft\" src=\"https:\/\/zaracaytv.com\/wp-content\/uploads\/2025\/06\/fsfjhghjfg-300x126.png\" alt=\"\" width=\"300\" height=\"126\" loading=\"lazy\" srcset=\"https:\/\/zaracaytv.com\/wp-content\/uploads\/2025\/06\/fsfjhghjfg-300x126.png 300w, https:\/\/zaracaytv.com\/wp-content\/uploads\/2025\/06\/fsfjhghjfg-1024x432.png 1024w, https:\/\/zaracaytv.com\/wp-content\/uploads\/2025\/06\/fsfjhghjfg-768x324.png 768w, https:\/\/zaracaytv.com\/wp-content\/uploads\/2025\/06\/fsfjhghjfg-1536x647.png 1536w, https:\/\/zaracaytv.com\/wp-content\/uploads\/2025\/06\/fsfjhghjfg-570x240.png 570w, https:\/\/zaracaytv.com\/wp-content\/uploads\/2025\/06\/fsfjhghjfg-270x114.png 270w, https:\/\/zaracaytv.com\/wp-content\/uploads\/2025\/06\/fsfjhghjfg-556x234.png 556w, https:\/\/zaracaytv.com\/wp-content\/uploads\/2025\/06\/fsfjhghjfg.png 1580w\" sizes=\"auto, (max-width: 300px) 100vw, 300px\" \/>Desde tempranas horas, varios ciudadanos acudieron a los exteriores de la delegaci\u00f3n de la Corporaci\u00f3n Nacional de Electricidad en Santo Domingo de los Ts\u00e1chilas para denunciar el aumento desmedido de sus planillas de electricidad. En algunos casos los valores a pagar se duplicaron, se\u00f1al\u00f3 Jos\u00e9 Sandoval, quien antes cancelaba alrededor de $20 y ahora pag\u00f3 $45.\n<p>Los usuarios tambi\u00e9n se quejaron por la atenci\u00f3n recibida en la delegaci\u00f3n, se\u00f1alaron que se debe mejorar los servicios en ventanillas y en las puertas de la instituci\u00f3n. Algunos enfatizaron que llevar la planilla no es suficiente para hacer el reclamo, pues incluso les mandan hacer videos de los medidores.<\/p>\n<p>Por su parte, las personas con discapacidad y de la tercera edad denunciaron el engorroso tr\u00e1mite que tienen que realizar para renovar, cada a\u00f1o, la reducci\u00f3n del 50% en las planillas. Mencionaron que quienes no realizan este proceso se les cobra el valor completo de su consumo.<\/p>\n<p>Buscamos una entrevista con el representante de la delegaci\u00f3n de la Corporaci\u00f3n Nacional de Electricidad en Santo Domingo de los Ts\u00e1chilas, sin embargo, no obtuvimos respuesta. Los altos valores a pagar tambi\u00e9n se han repetido en la Empresa P\u00fablica Municipal de Agua Potable y Alcantarillado, denunciaron varios santodomingue\u00f1os, quienes reiteraron sus molestias con esta situaci\u00f3n.<\/p>\n<\/body>","protected":false},"excerpt":{"rendered":"<p>Desde tempranas horas, varios ciudadanos acudieron a los exteriores de la delegaci\u00f3n de la Corporaci\u00f3n Nacional de Electricidad en Santo Domingo de los Ts\u00e1chilas para denunciar el aumento desmedido de sus planillas de electricidad. En algunos casos los valores a pagar se duplicaron, se\u00f1al\u00f3 Jos\u00e9 Sandoval, quien antes cancelaba alrededor de $20 y ahora pag\u00f3 [&hellip;]<\/p>\n","protected":false},"author":7,"featured_media":20503,"comment_status":"closed","ping_status":"closed","sticky":false,"template":"","format":"standard","meta":{"om_disable_all_campaigns":false,"_joinchat":[],"footnotes":""},"categories":[31],"tags":[],"class_list":["post-20502","post","type-post","status-publish","format-standard","has-post-thumbnail","hentry","category-la-region"],"_links":{"self":[{"href":"https:\/\/zaracaytv.com\/index.php?rest_route=\/wp\/v2\/posts\/20502","targetHints":{"allow":["GET"]}}],"collection":[{"href":"https:\/\/zaracaytv.com\/index.php?rest_route=\/wp\/v2\/posts"}],"about":[{"href":"https:\/\/zaracaytv.com\/index.php?rest_route=\/wp\/v2\/types\/post"}],"author":[{"embeddable":true,"href":"https:\/\/zaracaytv.com\/index.php?rest_route=\/wp\/v2\/users\/7"}],"replies":[{"embeddable":true,"href":"https:\/\/zaracaytv.com\/index.php?rest_route=%2Fwp%2Fv2%2Fcomments&post=20502"}],"version-history":[{"count":1,"href":"https:\/\/zaracaytv.com\/index.php?rest_route=\/wp\/v2\/posts\/20502\/revisions"}],"predecessor-version":[{"id":20504,"href":"https:\/\/zaracaytv.com\/index.php?rest_route=\/wp\/v2\/posts\/20502\/revisions\/20504"}],"wp:featuredmedia":[{"embeddable":true,"href":"https:\/\/zaracaytv.com\/index.php?rest_route=\/wp\/v2\/media\/20503"}],"wp:attachment":[{"href":"https:\/\/zaracaytv.com\/index.php?rest_route=%2Fwp%2Fv2%2Fmedia&parent=20502"}],"wp:term":[{"taxonomy":"category","embeddable":true,"href":"https:\/\/zaracaytv.com\/index.php?rest_route=%2Fwp%2Fv2%2Fcategories&post=20502"},{"taxonomy":"post_tag","embeddable":true,"href":"https:\/\/zaracaytv.com\/index.php?rest_route=%2Fwp%2Fv2%2Ftags&post=20502"}],"curies":[{"name":"wp","href":"https:\/\/api.w.org\/{rel}","templated":true}]}}